{"id":3359,"date":"2021-01-20T11:00:32","date_gmt":"2021-01-20T11:00:32","guid":{"rendered":"http:\/\/localhost\/jtmgroup\/?p=3359"},"modified":"2022-10-17T12:29:53","modified_gmt":"2022-10-17T11:29:53","slug":"conversacion-con-jorge-carlos-magalhaes-y-joao-val-grupo-jtm","status":"publish","type":"post","link":"https:\/\/jtm-group.zyrgon.dev\/es\/media\/2021\/01\/conversacion-con-jorge-carlos-magalhaes-y-joao-val-grupo-jtm\/","title":{"rendered":"Conozca al Grupo JTM a trav\u00e9s de Jorge Carlos Magalh\u00e3es y Jo\u00e3o Val"},"content":{"rendered":"<p>En la \u00faltima conversaci\u00f3n, los fundadores del GRUPO JTM, Jorge Carlos Magalh\u00e3es (CEO) y Jo\u00e3o Val (Administrador), recibieron preguntas relevantes sobre la empresa. No s\u00f3lo se habl\u00f3 del estado actual de JTM, sino tambi\u00e9n de las razones de su \u00e9xito y crecimiento.<\/p>\n<p>&nbsp;<\/p>\n<h3>\u00bfCu\u00e1ndo se cre\u00f3 JTM?<\/h3>\n<p>El proyecto del grupo JTM surgi\u00f3 hace nueve a\u00f1os gracias a una fusi\u00f3n no s\u00f3lo de personas, sino tambi\u00e9n de conocimientos. En la conversaci\u00f3n, tanto Jorge Carlos Costa Magalh\u00e3es como Jo\u00e3o Val dicen que JTM es la realizaci\u00f3n de un sue\u00f1o.<\/p>\n<h3>\u00bfCu\u00e1les son sus valores?<\/h3>\n<p>Seg\u00fan Jorge Carlos Magalh\u00e3es, los valores del grupo JTM se basan en: \u00abel cliente, la participaci\u00f3n en el trabajo en equipo, la responsabilidad corporativa, la responsabilidad social y la medioambiental\u00bb.<\/p>\n<h3>\u00bfD\u00f3nde se encuentra la empresa?<\/h3>\n<p>JTM tiene su sede en Portugal, con oficinas en Oporto y Lisboa. Tambi\u00e9n han ampliado sus operaciones a Espa\u00f1a, concretamente a Madrid. Tambi\u00e9n cuentan con varias oficinas y tienen una operaci\u00f3n en el aeropuerto de Zaragoza. Hace dos a\u00f1os y medio iniciaron su proyecto en Estados Unidos de Am\u00e9rica, en dos puntos de Florida, concretamente en Miami y Jacksonville.<\/p>\n<h3>Certificaciones JTM<\/h3>\n<p>Durante la conversaci\u00f3n, Jorge Vale afirm\u00f3 que \u00ab(&#8230;) adem\u00e1s de todas las certificaciones legales que tiene que tener el Grupo JTM para desarrollar su actividad, no ha escatimado esfuerzos. Siempre promoviendo el mejor servicio y calidad. As\u00ed, a lo largo de estos 10 a\u00f1os, hemos promovido otro tipo de competencias que van desde: operador econ\u00f3mico autorizado, certificaci\u00f3n de calidad ISO, pertenencia a organizaciones internacionales de prestigio. Pero tambi\u00e9n, certificaciones m\u00e1s espec\u00edficas, como: el transporte de medicamentos y el transporte a\u00e9reo de animales vivos\u00bb.<\/p>\n<h3>\u00bfQu\u00e9 factores han marcado el \u00e9xito y el crecimiento de JTM?<\/h3>\n<p>\u00abEs importante que, en la actividad en la que se inserta JTM, haya creatividad y originalidad, solidez financiera, pero sobre todo, una organizaci\u00f3n que se centre mucho en el capital humano porque ese es el valor adicional que JTM puede dar a sus clientes. Adem\u00e1s, es importante destacar el desarrollo de software e inform\u00e1tica que tambi\u00e9n tiene un gran impacto en el crecimiento de la organizaci\u00f3n\u00bb &#8211; Jorge Carlos Costa Magalh\u00e3es.<\/p>\n<h3>\u00bfD\u00f3nde le gustar\u00eda que estuviera el Grupo JTM?<\/h3>\n<p>Seg\u00fan el director general de la empresa, Jorge Carlos Costa Magalh\u00e3es: \u00ab\u00a1El cielo es el l\u00edmite! As\u00ed, nuestro gran objetivo es crecer cada vez m\u00e1s. En Portugal seguimos expandi\u00e9ndonos siempre que sea posible, en Espa\u00f1a nos gustar\u00eda abrir m\u00e1s sucursales, concretamente en Valencia y Barcelona. Y en Estados Unidos, que es donde vemos m\u00e1s potencial de crecimiento, tenemos la intenci\u00f3n de abrir nuevos locales cada dos o tres a\u00f1os\u00bb.<\/p>\n<h3>\u00bfC\u00f3mo describir\u00eda, en dos palabras, al Grupo JTM?<\/h3>\n<p>\u00abExcelencia y profesionalidad\u00bb &#8211; Jo\u00e3o Val.<\/p>\n<p>&nbsp;<\/p>\n<p>JTM ou <em>Join the Moment<\/em> est\u00e1 preparada para seguir aceptando nuevos retos, ampliar su negocio y crear nuevas relaciones con sus clientes.<\/p>\n<p>Fique \u00e0 par de todas as novidades, siga-nos no <a href=\"https:\/\/www.facebook.com\/jtmforwarding.sa\">Facebook<\/a>, <a href=\"https:\/\/www.instagram.com\/jtm_group\/\">Instagram<\/a> e o nosso <a href=\"https:\/\/jtm-group.zyrgon.dev\/es\/medios\/\">blog<\/a>.<\/p>\n<p>Mantente al d\u00eda de todas las novedades, s\u00edguenos en <a href=\"https:\/\/www.facebook.com\/jtmforwarding.sa\" rel=\"noopener\" target=\"_blank\">Facebook<\/a>, <a href=\"https:\/\/www.instagram.com\/jtm_group\/\" rel=\"noopener\" target=\"_blank\">Instagram<\/a> y nuestro <a href=\"https:\/\/jtm-group.zyrgon.dev\/es\/medios\/\">blog<\/a>.<\/p>\n<p>&nbsp;<\/p>\n","protected":false},"excerpt":{"rendered":"<p class=\"post-excerpt\">En la \u00faltima conversaci\u00f3n, los fundadores del GRUPO JTM, Jorge Carlos Magalh\u00e3es (CEO) y Jo\u00e3o&#8230;<\/p>\n","protected":false},"author":2,"featured_media":3356,"comment_status":"open","ping_status":"open","sticky":false,"template":"","format":"standard","meta":{"_acf_changed":false,"footnotes":""},"categories":[36],"tags":[],"acf":[],"yoast_head":"<!-- This site is optimized with the Yoast SEO plugin v23.0 - https:\/\/yoast.com\/wordpress\/plugins\/seo\/ -->\n<title>Conversaci\u00f3n con Jorge Carlos Magalh\u00e3es y Jo\u00e3o Val | Grupo JTM<\/title>\n<meta name=\"description\" content=\"En la \u00faltima conversaci\u00f3n, los fundadores del Grupo JTM, Jorge Carlos Magalh\u00e3es y Jo\u00e3o Val, recibieron varias preguntas sobre la empresa.\" \/>\n<meta name=\"robots\" content=\"noindex, follow, max-snippet:-1, max-image-preview:large, max-video-preview:-1\" \/>\n<meta property=\"og:locale\" content=\"es_ES\" \/>\n<meta property=\"og:type\" content=\"article\" \/>\n<meta property=\"og:title\" content=\"Conversaci\u00f3n con Jorge Carlos Magalh\u00e3es y Jo\u00e3o Val | Grupo JTM\" \/>\n<meta property=\"og:description\" content=\"En la \u00faltima conversaci\u00f3n, los fundadores del Grupo JTM, Jorge Carlos Magalh\u00e3es y Jo\u00e3o Val, recibieron varias preguntas sobre la empresa.\" \/>\n<meta property=\"og:url\" content=\"https:\/\/jtm-group.zyrgon.dev\/media\/2021\/01\/conversa-com-jorge-carlos-magalhaes-e-joao-val\/\" \/>\n<meta property=\"og:site_name\" content=\"JTM Group\" \/>\n<meta property=\"article:published_time\" content=\"2021-01-20T11:00:32+00:00\" \/>\n<meta property=\"article:modified_time\" content=\"2022-10-17T11:29:53+00:00\" \/>\n<meta property=\"og:image\" content=\"https:\/\/jtm-group.zyrgon.dev\/wp-content\/uploads\/artigo-entrevista.jpg\" \/>\n\t<meta property=\"og:image:width\" content=\"1920\" \/>\n\t<meta property=\"og:image:height\" content=\"1080\" \/>\n\t<meta property=\"og:image:type\" content=\"image\/jpeg\" \/>\n<meta name=\"author\" content=\"SmartKISS\" \/>\n<meta name=\"twitter:card\" content=\"summary_large_image\" \/>\n<meta name=\"twitter:label1\" content=\"Escrito por\" \/>\n\t<meta name=\"twitter:data1\" content=\"SmartKISS\" \/>\n\t<meta name=\"twitter:label2\" content=\"Tiempo de lectura\" \/>\n\t<meta name=\"twitter:data2\" content=\"3 minutos\" \/>\n<script type=\"application\/ld+json\" class=\"yoast-schema-graph\">{\"@context\":\"https:\/\/schema.org\",\"@graph\":[{\"@type\":\"Article\",\"@id\":\"https:\/\/jtm-group.zyrgon.dev\/media\/2021\/01\/conversa-com-jorge-carlos-magalhaes-e-joao-val\/#article\",\"isPartOf\":{\"@id\":\"https:\/\/jtm-group.zyrgon.dev\/media\/2021\/01\/conversa-com-jorge-carlos-magalhaes-e-joao-val\/\"},\"author\":{\"name\":\"SmartKISS\",\"@id\":\"https:\/\/jtm-group.zyrgon.dev\/#\/schema\/person\/da530834177f5fca78f0080fefeb797a\"},\"headline\":\"Conozca al Grupo JTM a trav\u00e9s de Jorge Carlos Magalh\u00e3es y Jo\u00e3o Val\",\"datePublished\":\"2021-01-20T11:00:32+00:00\",\"dateModified\":\"2022-10-17T11:29:53+00:00\",\"mainEntityOfPage\":{\"@id\":\"https:\/\/jtm-group.zyrgon.dev\/media\/2021\/01\/conversa-com-jorge-carlos-magalhaes-e-joao-val\/\"},\"wordCount\":569,\"commentCount\":0,\"publisher\":{\"@id\":\"https:\/\/jtm-group.zyrgon.dev\/#organization\"},\"image\":{\"@id\":\"https:\/\/jtm-group.zyrgon.dev\/media\/2021\/01\/conversa-com-jorge-carlos-magalhaes-e-joao-val\/#primaryimage\"},\"thumbnailUrl\":\"https:\/\/jtm-group.zyrgon.dev\/wp-content\/uploads\/artigo-entrevista.jpg\",\"articleSection\":[\"JTM Group\"],\"inLanguage\":\"es\",\"potentialAction\":[{\"@type\":\"CommentAction\",\"name\":\"Comment\",\"target\":[\"https:\/\/jtm-group.zyrgon.dev\/media\/2021\/01\/conversa-com-jorge-carlos-magalhaes-e-joao-val\/#respond\"]}]},{\"@type\":\"WebPage\",\"@id\":\"https:\/\/jtm-group.zyrgon.dev\/media\/2021\/01\/conversa-com-jorge-carlos-magalhaes-e-joao-val\/\",\"url\":\"https:\/\/jtm-group.zyrgon.dev\/media\/2021\/01\/conversa-com-jorge-carlos-magalhaes-e-joao-val\/\",\"name\":\"Conversaci\u00f3n con Jorge Carlos Magalh\u00e3es y Jo\u00e3o Val | Grupo JTM\",\"isPartOf\":{\"@id\":\"https:\/\/jtm-group.zyrgon.dev\/#website\"},\"primaryImageOfPage\":{\"@id\":\"https:\/\/jtm-group.zyrgon.dev\/media\/2021\/01\/conversa-com-jorge-carlos-magalhaes-e-joao-val\/#primaryimage\"},\"image\":{\"@id\":\"https:\/\/jtm-group.zyrgon.dev\/media\/2021\/01\/conversa-com-jorge-carlos-magalhaes-e-joao-val\/#primaryimage\"},\"thumbnailUrl\":\"https:\/\/jtm-group.zyrgon.dev\/wp-content\/uploads\/artigo-entrevista.jpg\",\"datePublished\":\"2021-01-20T11:00:32+00:00\",\"dateModified\":\"2022-10-17T11:29:53+00:00\",\"description\":\"En la \u00faltima conversaci\u00f3n, los fundadores del Grupo JTM, Jorge Carlos Magalh\u00e3es y Jo\u00e3o Val, recibieron varias preguntas sobre la empresa.\",\"breadcrumb\":{\"@id\":\"https:\/\/jtm-group.zyrgon.dev\/media\/2021\/01\/conversa-com-jorge-carlos-magalhaes-e-joao-val\/#breadcrumb\"},\"inLanguage\":\"es\",\"potentialAction\":[{\"@type\":\"ReadAction\",\"target\":[\"https:\/\/jtm-group.zyrgon.dev\/media\/2021\/01\/conversa-com-jorge-carlos-magalhaes-e-joao-val\/\"]}]},{\"@type\":\"ImageObject\",\"inLanguage\":\"es\",\"@id\":\"https:\/\/jtm-group.zyrgon.dev\/media\/2021\/01\/conversa-com-jorge-carlos-magalhaes-e-joao-val\/#primaryimage\",\"url\":\"https:\/\/jtm-group.zyrgon.dev\/wp-content\/uploads\/artigo-entrevista.jpg\",\"contentUrl\":\"https:\/\/jtm-group.zyrgon.dev\/wp-content\/uploads\/artigo-entrevista.jpg\",\"width\":1920,\"height\":1080,\"caption\":\"Conversa\"},{\"@type\":\"BreadcrumbList\",\"@id\":\"https:\/\/jtm-group.zyrgon.dev\/media\/2021\/01\/conversa-com-jorge-carlos-magalhaes-e-joao-val\/#breadcrumb\",\"itemListElement\":[{\"@type\":\"ListItem\",\"position\":1,\"name\":\"In\u00edcio\",\"item\":\"https:\/\/jtm-group.zyrgon.dev\/\"},{\"@type\":\"ListItem\",\"position\":2,\"name\":\"Conozca al Grupo JTM a trav\u00e9s de Jorge Carlos Magalh\u00e3es y Jo\u00e3o Val\"}]},{\"@type\":\"WebSite\",\"@id\":\"https:\/\/jtm-group.zyrgon.dev\/#website\",\"url\":\"https:\/\/jtm-group.zyrgon.dev\/\",\"name\":\"JTM Group\",\"description\":\"When there is a will, there is a way...\",\"publisher\":{\"@id\":\"https:\/\/jtm-group.zyrgon.dev\/#organization\"},\"potentialAction\":[{\"@type\":\"SearchAction\",\"target\":{\"@type\":\"EntryPoint\",\"urlTemplate\":\"https:\/\/jtm-group.zyrgon.dev\/?s={search_term_string}\"},\"query-input\":\"required name=search_term_string\"}],\"inLanguage\":\"es\"},{\"@type\":\"Organization\",\"@id\":\"https:\/\/jtm-group.zyrgon.dev\/#organization\",\"name\":\"JTM Group\",\"url\":\"https:\/\/jtm-group.zyrgon.dev\/\",\"logo\":{\"@type\":\"ImageObject\",\"inLanguage\":\"es\",\"@id\":\"https:\/\/jtm-group.zyrgon.dev\/#\/schema\/logo\/image\/\",\"url\":\"https:\/\/jtm-group.zyrgon.dev\/wp-content\/uploads\/logo_black.png\",\"contentUrl\":\"https:\/\/jtm-group.zyrgon.dev\/wp-content\/uploads\/logo_black.png\",\"width\":175,\"height\":78,\"caption\":\"JTM Group\"},\"image\":{\"@id\":\"https:\/\/jtm-group.zyrgon.dev\/#\/schema\/logo\/image\/\"}},{\"@type\":\"Person\",\"@id\":\"https:\/\/jtm-group.zyrgon.dev\/#\/schema\/person\/da530834177f5fca78f0080fefeb797a\",\"name\":\"SmartKISS\",\"image\":{\"@type\":\"ImageObject\",\"inLanguage\":\"es\",\"@id\":\"https:\/\/jtm-group.zyrgon.dev\/#\/schema\/person\/image\/\",\"url\":\"https:\/\/secure.gravatar.com\/avatar\/534387434b15161b33b0288a35900047?s=96&d=mm&r=g\",\"contentUrl\":\"https:\/\/secure.gravatar.com\/avatar\/534387434b15161b33b0288a35900047?s=96&d=mm&r=g\",\"caption\":\"SmartKISS\"}}]}<\/script>\n<!-- \/ Yoast SEO plugin. -->","yoast_head_json":{"title":"Conversaci\u00f3n con Jorge Carlos Magalh\u00e3es y Jo\u00e3o Val | Grupo JTM","description":"En la \u00faltima conversaci\u00f3n, los fundadores del Grupo JTM, Jorge Carlos Magalh\u00e3es y Jo\u00e3o Val, recibieron varias preguntas sobre la empresa.","robots":{"index":"noindex","follow":"follow","max-snippet":"max-snippet:-1","max-image-preview":"max-image-preview:large","max-video-preview":"max-video-preview:-1"},"og_locale":"es_ES","og_type":"article","og_title":"Conversaci\u00f3n con Jorge Carlos Magalh\u00e3es y Jo\u00e3o Val | Grupo JTM","og_description":"En la \u00faltima conversaci\u00f3n, los fundadores del Grupo JTM, Jorge Carlos Magalh\u00e3es y Jo\u00e3o Val, recibieron varias preguntas sobre la empresa.","og_url":"https:\/\/jtm-group.zyrgon.dev\/media\/2021\/01\/conversa-com-jorge-carlos-magalhaes-e-joao-val\/","og_site_name":"JTM Group","article_published_time":"2021-01-20T11:00:32+00:00","article_modified_time":"2022-10-17T11:29:53+00:00","og_image":[{"width":1920,"height":1080,"url":"https:\/\/jtm-group.zyrgon.dev\/wp-content\/uploads\/artigo-entrevista.jpg","type":"image\/jpeg"}],"author":"SmartKISS","twitter_card":"summary_large_image","twitter_misc":{"Escrito por":"SmartKISS","Tiempo de lectura":"3 minutos"},"schema":{"@context":"https:\/\/schema.org","@graph":[{"@type":"Article","@id":"https:\/\/jtm-group.zyrgon.dev\/media\/2021\/01\/conversa-com-jorge-carlos-magalhaes-e-joao-val\/#article","isPartOf":{"@id":"https:\/\/jtm-group.zyrgon.dev\/media\/2021\/01\/conversa-com-jorge-carlos-magalhaes-e-joao-val\/"},"author":{"name":"SmartKISS","@id":"https:\/\/jtm-group.zyrgon.dev\/#\/schema\/person\/da530834177f5fca78f0080fefeb797a"},"headline":"Conozca al Grupo JTM a trav\u00e9s de Jorge Carlos Magalh\u00e3es y Jo\u00e3o Val","datePublished":"2021-01-20T11:00:32+00:00","dateModified":"2022-10-17T11:29:53+00:00","mainEntityOfPage":{"@id":"https:\/\/jtm-group.zyrgon.dev\/media\/2021\/01\/conversa-com-jorge-carlos-magalhaes-e-joao-val\/"},"wordCount":569,"commentCount":0,"publisher":{"@id":"https:\/\/jtm-group.zyrgon.dev\/#organization"},"image":{"@id":"https:\/\/jtm-group.zyrgon.dev\/media\/2021\/01\/conversa-com-jorge-carlos-magalhaes-e-joao-val\/#primaryimage"},"thumbnailUrl":"https:\/\/jtm-group.zyrgon.dev\/wp-content\/uploads\/artigo-entrevista.jpg","articleSection":["JTM Group"],"inLanguage":"es","potentialAction":[{"@type":"CommentAction","name":"Comment","target":["https:\/\/jtm-group.zyrgon.dev\/media\/2021\/01\/conversa-com-jorge-carlos-magalhaes-e-joao-val\/#respond"]}]},{"@type":"WebPage","@id":"https:\/\/jtm-group.zyrgon.dev\/media\/2021\/01\/conversa-com-jorge-carlos-magalhaes-e-joao-val\/","url":"https:\/\/jtm-group.zyrgon.dev\/media\/2021\/01\/conversa-com-jorge-carlos-magalhaes-e-joao-val\/","name":"Conversaci\u00f3n con Jorge Carlos Magalh\u00e3es y Jo\u00e3o Val | Grupo JTM","isPartOf":{"@id":"https:\/\/jtm-group.zyrgon.dev\/#website"},"primaryImageOfPage":{"@id":"https:\/\/jtm-group.zyrgon.dev\/media\/2021\/01\/conversa-com-jorge-carlos-magalhaes-e-joao-val\/#primaryimage"},"image":{"@id":"https:\/\/jtm-group.zyrgon.dev\/media\/2021\/01\/conversa-com-jorge-carlos-magalhaes-e-joao-val\/#primaryimage"},"thumbnailUrl":"https:\/\/jtm-group.zyrgon.dev\/wp-content\/uploads\/artigo-entrevista.jpg","datePublished":"2021-01-20T11:00:32+00:00","dateModified":"2022-10-17T11:29:53+00:00","description":"En la \u00faltima conversaci\u00f3n, los fundadores del Grupo JTM, Jorge Carlos Magalh\u00e3es y Jo\u00e3o Val, recibieron varias preguntas sobre la empresa.","breadcrumb":{"@id":"https:\/\/jtm-group.zyrgon.dev\/media\/2021\/01\/conversa-com-jorge-carlos-magalhaes-e-joao-val\/#breadcrumb"},"inLanguage":"es","potentialAction":[{"@type":"ReadAction","target":["https:\/\/jtm-group.zyrgon.dev\/media\/2021\/01\/conversa-com-jorge-carlos-magalhaes-e-joao-val\/"]}]},{"@type":"ImageObject","inLanguage":"es","@id":"https:\/\/jtm-group.zyrgon.dev\/media\/2021\/01\/conversa-com-jorge-carlos-magalhaes-e-joao-val\/#primaryimage","url":"https:\/\/jtm-group.zyrgon.dev\/wp-content\/uploads\/artigo-entrevista.jpg","contentUrl":"https:\/\/jtm-group.zyrgon.dev\/wp-content\/uploads\/artigo-entrevista.jpg","width":1920,"height":1080,"caption":"Conversa"},{"@type":"BreadcrumbList","@id":"https:\/\/jtm-group.zyrgon.dev\/media\/2021\/01\/conversa-com-jorge-carlos-magalhaes-e-joao-val\/#breadcrumb","itemListElement":[{"@type":"ListItem","position":1,"name":"In\u00edcio","item":"https:\/\/jtm-group.zyrgon.dev\/"},{"@type":"ListItem","position":2,"name":"Conozca al Grupo JTM a trav\u00e9s de Jorge Carlos Magalh\u00e3es y Jo\u00e3o Val"}]},{"@type":"WebSite","@id":"https:\/\/jtm-group.zyrgon.dev\/#website","url":"https:\/\/jtm-group.zyrgon.dev\/","name":"JTM Group","description":"When there is a will, there is a way...","publisher":{"@id":"https:\/\/jtm-group.zyrgon.dev\/#organization"},"potentialAction":[{"@type":"SearchAction","target":{"@type":"EntryPoint","urlTemplate":"https:\/\/jtm-group.zyrgon.dev\/?s={search_term_string}"},"query-input":"required name=search_term_string"}],"inLanguage":"es"},{"@type":"Organization","@id":"https:\/\/jtm-group.zyrgon.dev\/#organization","name":"JTM Group","url":"https:\/\/jtm-group.zyrgon.dev\/","logo":{"@type":"ImageObject","inLanguage":"es","@id":"https:\/\/jtm-group.zyrgon.dev\/#\/schema\/logo\/image\/","url":"https:\/\/jtm-group.zyrgon.dev\/wp-content\/uploads\/logo_black.png","contentUrl":"https:\/\/jtm-group.zyrgon.dev\/wp-content\/uploads\/logo_black.png","width":175,"height":78,"caption":"JTM Group"},"image":{"@id":"https:\/\/jtm-group.zyrgon.dev\/#\/schema\/logo\/image\/"}},{"@type":"Person","@id":"https:\/\/jtm-group.zyrgon.dev\/#\/schema\/person\/da530834177f5fca78f0080fefeb797a","name":"SmartKISS","image":{"@type":"ImageObject","inLanguage":"es","@id":"https:\/\/jtm-group.zyrgon.dev\/#\/schema\/person\/image\/","url":"https:\/\/secure.gravatar.com\/avatar\/534387434b15161b33b0288a35900047?s=96&d=mm&r=g","contentUrl":"https:\/\/secure.gravatar.com\/avatar\/534387434b15161b33b0288a35900047?s=96&d=mm&r=g","caption":"SmartKISS"}}]}},"_links":{"self":[{"href":"https:\/\/jtm-group.zyrgon.dev\/es\/wp-json\/wp\/v2\/posts\/3359"}],"collection":[{"href":"https:\/\/jtm-group.zyrgon.dev\/es\/wp-json\/wp\/v2\/posts"}],"about":[{"href":"https:\/\/jtm-group.zyrgon.dev\/es\/wp-json\/wp\/v2\/types\/post"}],"author":[{"embeddable":true,"href":"https:\/\/jtm-group.zyrgon.dev\/es\/wp-json\/wp\/v2\/users\/2"}],"replies":[{"embeddable":true,"href":"https:\/\/jtm-group.zyrgon.dev\/es\/wp-json\/wp\/v2\/comments?post=3359"}],"version-history":[{"count":2,"href":"https:\/\/jtm-group.zyrgon.dev\/es\/wp-json\/wp\/v2\/posts\/3359\/revisions"}],"predecessor-version":[{"id":5450,"href":"https:\/\/jtm-group.zyrgon.dev\/es\/wp-json\/wp\/v2\/posts\/3359\/revisions\/5450"}],"wp:featuredmedia":[{"embeddable":true,"href":"https:\/\/jtm-group.zyrgon.dev\/es\/wp-json\/wp\/v2\/media\/3356"}],"wp:attachment":[{"href":"https:\/\/jtm-group.zyrgon.dev\/es\/wp-json\/wp\/v2\/media?parent=3359"}],"wp:term":[{"taxonomy":"category","embeddable":true,"href":"https:\/\/jtm-group.zyrgon.dev\/es\/wp-json\/wp\/v2\/categories?post=3359"},{"taxonomy":"post_tag","embeddable":true,"href":"https:\/\/jtm-group.zyrgon.dev\/es\/wp-json\/wp\/v2\/tags?post=3359"}],"curies":[{"name":"wp","href":"https:\/\/api.w.org\/{rel}","templated":true}]}}