{"id":2888,"date":"2019-10-14T12:23:56","date_gmt":"2019-10-14T12:23:56","guid":{"rendered":"http:\/\/localhost\/jtmgroup\/media\/2019\/10\/fihav-havana-cuba\/"},"modified":"2022-10-17T16:04:52","modified_gmt":"2022-10-17T15:04:52","slug":"feria-internacional-de-la-habana-fihav-cuba","status":"publish","type":"post","link":"https:\/\/jtm-group.zyrgon.dev\/es\/media\/2019\/10\/feria-internacional-de-la-habana-fihav-cuba\/","title":{"rendered":"Feria Internacional de La Habana (FIHAV) &#8211; Cuba"},"content":{"rendered":"<p>STAND PORTUGAL<br \/>\nLog\u00edstica desde Portugal | Stand 18<\/p>\n<p>JTM GROUP anuncia que asistiremos a FIHAV &#8211; 37 Feria Internacional de La Habana en Cuba.<br \/>\nUn equipo de excelencia estar\u00e1 disponible para aclarar y ayudarlo en el proceso de su carga.<\/p>\n<p>\u00abLa Feria Internacional de La Habana, FIHAV, se llevar\u00e1 a cabo del 4 al 8 de noviembre de 2019, en los terrenos de EXPOCUBA. En la v\u00edspera de la celebraci\u00f3n del 500 aniversario de La Habana, la capital acoge nuevamente la feria de comercio e inversi\u00f3n m\u00e1s importante de Cuba. y uno de los m\u00e1s representativos de Am\u00e9rica Latina y el Caribe. Durante cinco d\u00edas, en la sede de la feria, convergen expositores, empresarios y t\u00e9cnicos de todos los sectores de la econom\u00eda cubana y una feria internacional variada, creando un ambiente favorable para el desarrollo de reuniones de negocios. , seminarios, conferencias, etc. FIHAV es el escaparate ideal para que su empresa exhiba sus productos y servicios en los mercados cubano y latinoamericano; es el punto de encuentro para socios comerciales; el lugar adecuado para presentar nuevos productos \u00ab.<\/p>\n<p>Presente en FIHAV (Feria Internacional de La Habana) desde 2016, y como el \u00fanico agente portugu\u00e9s autorizado desde 2014 por el Gobierno de Cuba, JTM es conocido por apoyar a los exportadores en las relaciones bilaterales entre Portugal y Cuba.<\/p>\n<p>Est\u00e9n atentos &#8230;<\/p>\n<p>\u00abCuando hay voluntad hay una manera &#8230;\u00bb<\/p>\n<p>Vis\u00edtanos Te estamos esperando!<br \/>\nObtenga m\u00e1s informaci\u00f3n en: <a href=\"https:\/\/www.jtmsa.com\/servicos\/fair-exhibition\/\">https:\/\/www.jtmsa.com\/servicos\/fair-exhibition\/<\/a><\/p>\n","protected":false},"excerpt":{"rendered":"<p class=\"post-excerpt\">JTM GROUP anuncia que asistiremos a FIHAV &#8211; 37 Feria Internacional de La Habana en Cuba.<\/p>\n","protected":false},"author":2,"featured_media":2884,"comment_status":"open","ping_status":"open","sticky":false,"template":"","format":"standard","meta":{"_acf_changed":false,"footnotes":""},"categories":[4],"tags":[],"acf":[],"yoast_head":"<!-- This site is optimized with the Yoast SEO plugin v23.0 - https:\/\/yoast.com\/wordpress\/plugins\/seo\/ -->\n<title>Feria Internacional de La Habana | Medios | JTM Group<\/title>\n<meta name=\"description\" content=\"JTM GROUP anuncia que asistiremos a FIHAV - 37 Feria Internacional de La Habana en Cuba. Vis\u00edtanos! Te estamos esperando!\" \/>\n<meta name=\"robots\" content=\"noindex, follow, max-snippet:-1, max-image-preview:large, max-video-preview:-1\" \/>\n<meta property=\"og:locale\" content=\"es_ES\" \/>\n<meta property=\"og:type\" content=\"article\" \/>\n<meta property=\"og:title\" content=\"Feria Internacional de La Habana | Medios | JTM Group\" \/>\n<meta property=\"og:description\" content=\"JTM GROUP anuncia que asistiremos a FIHAV - 37 Feria Internacional de La Habana en Cuba. Vis\u00edtanos! Te estamos esperando!\" \/>\n<meta property=\"og:url\" content=\"https:\/\/jtm-group.zyrgon.dev\/media\/2019\/10\/feira-internacional-de-havana-fihav-cuba\/\" \/>\n<meta property=\"og:site_name\" content=\"JTM Group\" \/>\n<meta property=\"article:published_time\" content=\"2019-10-14T12:23:56+00:00\" \/>\n<meta property=\"article:modified_time\" content=\"2022-10-17T15:04:52+00:00\" \/>\n<meta property=\"og:image\" content=\"https:\/\/jtm-group.zyrgon.dev\/wp-content\/uploads\/evento.jpg\" \/>\n\t<meta property=\"og:image:width\" content=\"1199\" \/>\n\t<meta property=\"og:image:height\" content=\"1199\" \/>\n\t<meta property=\"og:image:type\" content=\"image\/jpeg\" \/>\n<meta name=\"author\" content=\"SmartKISS\" \/>\n<meta name=\"twitter:card\" content=\"summary_large_image\" \/>\n<meta name=\"twitter:label1\" content=\"Escrito por\" \/>\n\t<meta name=\"twitter:data1\" content=\"SmartKISS\" \/>\n\t<meta name=\"twitter:label2\" content=\"Tiempo de lectura\" \/>\n\t<meta name=\"twitter:data2\" content=\"2 minutos\" \/>\n<script type=\"application\/ld+json\" class=\"yoast-schema-graph\">{\"@context\":\"https:\/\/schema.org\",\"@graph\":[{\"@type\":\"Article\",\"@id\":\"https:\/\/jtm-group.zyrgon.dev\/media\/2019\/10\/feira-internacional-de-havana-fihav-cuba\/#article\",\"isPartOf\":{\"@id\":\"https:\/\/jtm-group.zyrgon.dev\/media\/2019\/10\/feira-internacional-de-havana-fihav-cuba\/\"},\"author\":{\"name\":\"SmartKISS\",\"@id\":\"https:\/\/jtm-group.zyrgon.dev\/#\/schema\/person\/da530834177f5fca78f0080fefeb797a\"},\"headline\":\"Feria Internacional de La Habana (FIHAV) &#8211; Cuba\",\"datePublished\":\"2019-10-14T12:23:56+00:00\",\"dateModified\":\"2022-10-17T15:04:52+00:00\",\"mainEntityOfPage\":{\"@id\":\"https:\/\/jtm-group.zyrgon.dev\/media\/2019\/10\/feira-internacional-de-havana-fihav-cuba\/\"},\"wordCount\":254,\"commentCount\":0,\"publisher\":{\"@id\":\"https:\/\/jtm-group.zyrgon.dev\/#organization\"},\"image\":{\"@id\":\"https:\/\/jtm-group.zyrgon.dev\/media\/2019\/10\/feira-internacional-de-havana-fihav-cuba\/#primaryimage\"},\"thumbnailUrl\":\"https:\/\/jtm-group.zyrgon.dev\/wp-content\/uploads\/evento.jpg\",\"articleSection\":[\"Noticias\"],\"inLanguage\":\"es\",\"potentialAction\":[{\"@type\":\"CommentAction\",\"name\":\"Comment\",\"target\":[\"https:\/\/jtm-group.zyrgon.dev\/media\/2019\/10\/feira-internacional-de-havana-fihav-cuba\/#respond\"]}]},{\"@type\":\"WebPage\",\"@id\":\"https:\/\/jtm-group.zyrgon.dev\/media\/2019\/10\/feira-internacional-de-havana-fihav-cuba\/\",\"url\":\"https:\/\/jtm-group.zyrgon.dev\/media\/2019\/10\/feira-internacional-de-havana-fihav-cuba\/\",\"name\":\"Feria Internacional de La Habana | Medios | JTM Group\",\"isPartOf\":{\"@id\":\"https:\/\/jtm-group.zyrgon.dev\/#website\"},\"primaryImageOfPage\":{\"@id\":\"https:\/\/jtm-group.zyrgon.dev\/media\/2019\/10\/feira-internacional-de-havana-fihav-cuba\/#primaryimage\"},\"image\":{\"@id\":\"https:\/\/jtm-group.zyrgon.dev\/media\/2019\/10\/feira-internacional-de-havana-fihav-cuba\/#primaryimage\"},\"thumbnailUrl\":\"https:\/\/jtm-group.zyrgon.dev\/wp-content\/uploads\/evento.jpg\",\"datePublished\":\"2019-10-14T12:23:56+00:00\",\"dateModified\":\"2022-10-17T15:04:52+00:00\",\"description\":\"JTM GROUP anuncia que asistiremos a FIHAV - 37 Feria Internacional de La Habana en Cuba. Vis\u00edtanos! Te estamos esperando!\",\"breadcrumb\":{\"@id\":\"https:\/\/jtm-group.zyrgon.dev\/media\/2019\/10\/feira-internacional-de-havana-fihav-cuba\/#breadcrumb\"},\"inLanguage\":\"es\",\"potentialAction\":[{\"@type\":\"ReadAction\",\"target\":[\"https:\/\/jtm-group.zyrgon.dev\/media\/2019\/10\/feira-internacional-de-havana-fihav-cuba\/\"]}]},{\"@type\":\"ImageObject\",\"inLanguage\":\"es\",\"@id\":\"https:\/\/jtm-group.zyrgon.dev\/media\/2019\/10\/feira-internacional-de-havana-fihav-cuba\/#primaryimage\",\"url\":\"https:\/\/jtm-group.zyrgon.dev\/wp-content\/uploads\/evento.jpg\",\"contentUrl\":\"https:\/\/jtm-group.zyrgon.dev\/wp-content\/uploads\/evento.jpg\",\"width\":1199,\"height\":1199},{\"@type\":\"BreadcrumbList\",\"@id\":\"https:\/\/jtm-group.zyrgon.dev\/media\/2019\/10\/feira-internacional-de-havana-fihav-cuba\/#breadcrumb\",\"itemListElement\":[{\"@type\":\"ListItem\",\"position\":1,\"name\":\"In\u00edcio\",\"item\":\"https:\/\/jtm-group.zyrgon.dev\/\"},{\"@type\":\"ListItem\",\"position\":2,\"name\":\"Feria Internacional de La Habana (FIHAV) &#8211; Cuba\"}]},{\"@type\":\"WebSite\",\"@id\":\"https:\/\/jtm-group.zyrgon.dev\/#website\",\"url\":\"https:\/\/jtm-group.zyrgon.dev\/\",\"name\":\"JTM Group\",\"description\":\"When there is a will, there is a way...\",\"publisher\":{\"@id\":\"https:\/\/jtm-group.zyrgon.dev\/#organization\"},\"potentialAction\":[{\"@type\":\"SearchAction\",\"target\":{\"@type\":\"EntryPoint\",\"urlTemplate\":\"https:\/\/jtm-group.zyrgon.dev\/?s={search_term_string}\"},\"query-input\":\"required name=search_term_string\"}],\"inLanguage\":\"es\"},{\"@type\":\"Organization\",\"@id\":\"https:\/\/jtm-group.zyrgon.dev\/#organization\",\"name\":\"JTM Group\",\"url\":\"https:\/\/jtm-group.zyrgon.dev\/\",\"logo\":{\"@type\":\"ImageObject\",\"inLanguage\":\"es\",\"@id\":\"https:\/\/jtm-group.zyrgon.dev\/#\/schema\/logo\/image\/\",\"url\":\"https:\/\/jtm-group.zyrgon.dev\/wp-content\/uploads\/logo_black.png\",\"contentUrl\":\"https:\/\/jtm-group.zyrgon.dev\/wp-content\/uploads\/logo_black.png\",\"width\":175,\"height\":78,\"caption\":\"JTM Group\"},\"image\":{\"@id\":\"https:\/\/jtm-group.zyrgon.dev\/#\/schema\/logo\/image\/\"}},{\"@type\":\"Person\",\"@id\":\"https:\/\/jtm-group.zyrgon.dev\/#\/schema\/person\/da530834177f5fca78f0080fefeb797a\",\"name\":\"SmartKISS\",\"image\":{\"@type\":\"ImageObject\",\"inLanguage\":\"es\",\"@id\":\"https:\/\/jtm-group.zyrgon.dev\/#\/schema\/person\/image\/\",\"url\":\"https:\/\/secure.gravatar.com\/avatar\/534387434b15161b33b0288a35900047?s=96&d=mm&r=g\",\"contentUrl\":\"https:\/\/secure.gravatar.com\/avatar\/534387434b15161b33b0288a35900047?s=96&d=mm&r=g\",\"caption\":\"SmartKISS\"}}]}<\/script>\n<!-- \/ Yoast SEO plugin. -->","yoast_head_json":{"title":"Feria Internacional de La Habana | Medios | JTM Group","description":"JTM GROUP anuncia que asistiremos a FIHAV - 37 Feria Internacional de La Habana en Cuba. Vis\u00edtanos! Te estamos esperando!","robots":{"index":"noindex","follow":"follow","max-snippet":"max-snippet:-1","max-image-preview":"max-image-preview:large","max-video-preview":"max-video-preview:-1"},"og_locale":"es_ES","og_type":"article","og_title":"Feria Internacional de La Habana | Medios | JTM Group","og_description":"JTM GROUP anuncia que asistiremos a FIHAV - 37 Feria Internacional de La Habana en Cuba. Vis\u00edtanos! Te estamos esperando!","og_url":"https:\/\/jtm-group.zyrgon.dev\/media\/2019\/10\/feira-internacional-de-havana-fihav-cuba\/","og_site_name":"JTM Group","article_published_time":"2019-10-14T12:23:56+00:00","article_modified_time":"2022-10-17T15:04:52+00:00","og_image":[{"width":1199,"height":1199,"url":"https:\/\/jtm-group.zyrgon.dev\/wp-content\/uploads\/evento.jpg","type":"image\/jpeg"}],"author":"SmartKISS","twitter_card":"summary_large_image","twitter_misc":{"Escrito por":"SmartKISS","Tiempo de lectura":"2 minutos"},"schema":{"@context":"https:\/\/schema.org","@graph":[{"@type":"Article","@id":"https:\/\/jtm-group.zyrgon.dev\/media\/2019\/10\/feira-internacional-de-havana-fihav-cuba\/#article","isPartOf":{"@id":"https:\/\/jtm-group.zyrgon.dev\/media\/2019\/10\/feira-internacional-de-havana-fihav-cuba\/"},"author":{"name":"SmartKISS","@id":"https:\/\/jtm-group.zyrgon.dev\/#\/schema\/person\/da530834177f5fca78f0080fefeb797a"},"headline":"Feria Internacional de La Habana (FIHAV) &#8211; Cuba","datePublished":"2019-10-14T12:23:56+00:00","dateModified":"2022-10-17T15:04:52+00:00","mainEntityOfPage":{"@id":"https:\/\/jtm-group.zyrgon.dev\/media\/2019\/10\/feira-internacional-de-havana-fihav-cuba\/"},"wordCount":254,"commentCount":0,"publisher":{"@id":"https:\/\/jtm-group.zyrgon.dev\/#organization"},"image":{"@id":"https:\/\/jtm-group.zyrgon.dev\/media\/2019\/10\/feira-internacional-de-havana-fihav-cuba\/#primaryimage"},"thumbnailUrl":"https:\/\/jtm-group.zyrgon.dev\/wp-content\/uploads\/evento.jpg","articleSection":["Noticias"],"inLanguage":"es","potentialAction":[{"@type":"CommentAction","name":"Comment","target":["https:\/\/jtm-group.zyrgon.dev\/media\/2019\/10\/feira-internacional-de-havana-fihav-cuba\/#respond"]}]},{"@type":"WebPage","@id":"https:\/\/jtm-group.zyrgon.dev\/media\/2019\/10\/feira-internacional-de-havana-fihav-cuba\/","url":"https:\/\/jtm-group.zyrgon.dev\/media\/2019\/10\/feira-internacional-de-havana-fihav-cuba\/","name":"Feria Internacional de La Habana | Medios | JTM Group","isPartOf":{"@id":"https:\/\/jtm-group.zyrgon.dev\/#website"},"primaryImageOfPage":{"@id":"https:\/\/jtm-group.zyrgon.dev\/media\/2019\/10\/feira-internacional-de-havana-fihav-cuba\/#primaryimage"},"image":{"@id":"https:\/\/jtm-group.zyrgon.dev\/media\/2019\/10\/feira-internacional-de-havana-fihav-cuba\/#primaryimage"},"thumbnailUrl":"https:\/\/jtm-group.zyrgon.dev\/wp-content\/uploads\/evento.jpg","datePublished":"2019-10-14T12:23:56+00:00","dateModified":"2022-10-17T15:04:52+00:00","description":"JTM GROUP anuncia que asistiremos a FIHAV - 37 Feria Internacional de La Habana en Cuba. Vis\u00edtanos! Te estamos esperando!","breadcrumb":{"@id":"https:\/\/jtm-group.zyrgon.dev\/media\/2019\/10\/feira-internacional-de-havana-fihav-cuba\/#breadcrumb"},"inLanguage":"es","potentialAction":[{"@type":"ReadAction","target":["https:\/\/jtm-group.zyrgon.dev\/media\/2019\/10\/feira-internacional-de-havana-fihav-cuba\/"]}]},{"@type":"ImageObject","inLanguage":"es","@id":"https:\/\/jtm-group.zyrgon.dev\/media\/2019\/10\/feira-internacional-de-havana-fihav-cuba\/#primaryimage","url":"https:\/\/jtm-group.zyrgon.dev\/wp-content\/uploads\/evento.jpg","contentUrl":"https:\/\/jtm-group.zyrgon.dev\/wp-content\/uploads\/evento.jpg","width":1199,"height":1199},{"@type":"BreadcrumbList","@id":"https:\/\/jtm-group.zyrgon.dev\/media\/2019\/10\/feira-internacional-de-havana-fihav-cuba\/#breadcrumb","itemListElement":[{"@type":"ListItem","position":1,"name":"In\u00edcio","item":"https:\/\/jtm-group.zyrgon.dev\/"},{"@type":"ListItem","position":2,"name":"Feria Internacional de La Habana (FIHAV) &#8211; Cuba"}]},{"@type":"WebSite","@id":"https:\/\/jtm-group.zyrgon.dev\/#website","url":"https:\/\/jtm-group.zyrgon.dev\/","name":"JTM Group","description":"When there is a will, there is a way...","publisher":{"@id":"https:\/\/jtm-group.zyrgon.dev\/#organization"},"potentialAction":[{"@type":"SearchAction","target":{"@type":"EntryPoint","urlTemplate":"https:\/\/jtm-group.zyrgon.dev\/?s={search_term_string}"},"query-input":"required name=search_term_string"}],"inLanguage":"es"},{"@type":"Organization","@id":"https:\/\/jtm-group.zyrgon.dev\/#organization","name":"JTM Group","url":"https:\/\/jtm-group.zyrgon.dev\/","logo":{"@type":"ImageObject","inLanguage":"es","@id":"https:\/\/jtm-group.zyrgon.dev\/#\/schema\/logo\/image\/","url":"https:\/\/jtm-group.zyrgon.dev\/wp-content\/uploads\/logo_black.png","contentUrl":"https:\/\/jtm-group.zyrgon.dev\/wp-content\/uploads\/logo_black.png","width":175,"height":78,"caption":"JTM Group"},"image":{"@id":"https:\/\/jtm-group.zyrgon.dev\/#\/schema\/logo\/image\/"}},{"@type":"Person","@id":"https:\/\/jtm-group.zyrgon.dev\/#\/schema\/person\/da530834177f5fca78f0080fefeb797a","name":"SmartKISS","image":{"@type":"ImageObject","inLanguage":"es","@id":"https:\/\/jtm-group.zyrgon.dev\/#\/schema\/person\/image\/","url":"https:\/\/secure.gravatar.com\/avatar\/534387434b15161b33b0288a35900047?s=96&d=mm&r=g","contentUrl":"https:\/\/secure.gravatar.com\/avatar\/534387434b15161b33b0288a35900047?s=96&d=mm&r=g","caption":"SmartKISS"}}]}},"_links":{"self":[{"href":"https:\/\/jtm-group.zyrgon.dev\/es\/wp-json\/wp\/v2\/posts\/2888"}],"collection":[{"href":"https:\/\/jtm-group.zyrgon.dev\/es\/wp-json\/wp\/v2\/posts"}],"about":[{"href":"https:\/\/jtm-group.zyrgon.dev\/es\/wp-json\/wp\/v2\/types\/post"}],"author":[{"embeddable":true,"href":"https:\/\/jtm-group.zyrgon.dev\/es\/wp-json\/wp\/v2\/users\/2"}],"replies":[{"embeddable":true,"href":"https:\/\/jtm-group.zyrgon.dev\/es\/wp-json\/wp\/v2\/comments?post=2888"}],"version-history":[{"count":1,"href":"https:\/\/jtm-group.zyrgon.dev\/es\/wp-json\/wp\/v2\/posts\/2888\/revisions"}],"predecessor-version":[{"id":5488,"href":"https:\/\/jtm-group.zyrgon.dev\/es\/wp-json\/wp\/v2\/posts\/2888\/revisions\/5488"}],"wp:featuredmedia":[{"embeddable":true,"href":"https:\/\/jtm-group.zyrgon.dev\/es\/wp-json\/wp\/v2\/media\/2884"}],"wp:attachment":[{"href":"https:\/\/jtm-group.zyrgon.dev\/es\/wp-json\/wp\/v2\/media?parent=2888"}],"wp:term":[{"taxonomy":"category","embeddable":true,"href":"https:\/\/jtm-group.zyrgon.dev\/es\/wp-json\/wp\/v2\/categories?post=2888"},{"taxonomy":"post_tag","embeddable":true,"href":"https:\/\/jtm-group.zyrgon.dev\/es\/wp-json\/wp\/v2\/tags?post=2888"}],"curies":[{"name":"wp","href":"https:\/\/api.w.org\/{rel}","templated":true}]}}