{"id":2381,"date":"2018-08-14T14:03:32","date_gmt":"2018-08-14T14:03:32","guid":{"rendered":"http:\/\/localhost\/jtmgroup\/media\/2018\/08\/a-associacao-a-casa-do-caminho\/"},"modified":"2022-10-17T15:44:12","modified_gmt":"2022-10-17T14:44:12","slug":"a-associacao-a-casa-do-caminho","status":"publish","type":"post","link":"https:\/\/jtm-group.zyrgon.dev\/es\/media\/2018\/08\/a-associacao-a-casa-do-caminho\/","title":{"rendered":"La Asociaci\u00f3n \u00abA Casa do Caminho\u201d"},"content":{"rendered":"<p>El origen de la Asociaci\u00f3n A Casa do Caminho se basa en un profundo sentimiento de solidaridad con los ni\u00f1os en riesgo. Fue el compartir este sentimiento que llev\u00f3 a tres amigas, envueltas en servicios de voluntariado, a dedicarse en la construcci\u00f3n de una casa del camino, s\u00edmbolo de un lugar donde se recuperan energ\u00edas de cuerpo y alma para la gran caminata que cada peque\u00f1o tiene por delante.<br \/>\nAs\u00ed, el 11 de octubre de 1988, A casa do Caminho fue constituida como Asociaci\u00f3n a trav\u00e9s de escritura celebrada en el 8\u00ba Notario de Oporto.<\/p>\n<p>Despu\u00e9s de dos instalaciones provisionales donde fueron acogidas primero 10 y despu\u00e9s 20 ni\u00f1os tenemos desde 1997 instalaciones propias y construidas de ra\u00edz para el efecto, extendiendo la capacidad de nuestra Casa para los 60 ni\u00f1os que puede acoger actualmente.<\/p>\n<p>En 1992 recibimos la distinci\u00f3n de Primera Unidad de Emergencia Infantil del Norte pasando de esta forma, hacer parte activa de ese proyecto de apoyo al ni\u00f1o en riesgo que pretende involucrar a todos en su protecci\u00f3n llamando a la responsabilidad a los diversos actores &#8211; Estado, Instituciones, Comunicaci\u00f3n Social, Grupos Pol\u00edticos, Religiosos y Sociales y el Ciudadano Com\u00fan &#8211; bajo el llamado \u00abTodos los ni\u00f1os tienen derecho a tener un regazo!\u00bb<\/p>\n<p>En 2002 las actividades sociales desarrolladas por la Asociaci\u00f3n A Casa do Caminho fueron consideradas de Superior Inter\u00e9s Social pasando los donativos hechos en su favor a beneficiarse de los incentivos fiscales previstos por el Estatuto del Mecenato.<\/p>\n<p>A lo largo de estos 30 a\u00f1os la Asociaci\u00f3n A casa do Caminho acogi\u00f3, cuid\u00f3 y protegi\u00f3 788 ni\u00f1os. De ellas, 682 * fueron reintegradas en sus familias biol\u00f3gicas (nucleares o ampliadas) o encaminadas a una nueva familia adoptiva.<\/p>\n","protected":false},"excerpt":{"rendered":"<p class=\"post-excerpt\">El origen de la Asociaci\u00f3n A Casa do Caminho se basa en un profundo sentimiento de solidaridad con los ni\u00f1os en riesgo.<\/p>\n","protected":false},"author":2,"featured_media":1907,"comment_status":"open","ping_status":"open","sticky":false,"template":"","format":"gallery","meta":{"_acf_changed":false,"footnotes":""},"categories":[21,38],"tags":[],"acf":[],"yoast_head":"<!-- This site is optimized with the Yoast SEO plugin v23.0 - https:\/\/yoast.com\/wordpress\/plugins\/seo\/ -->\n<title>La Asociaci\u00f3n &quot;A Casa do Caminho\u201d | Medios | JTM Group<\/title>\n<meta name=\"description\" content=\"El origen de la Asociaci\u00f3n A Casa do Caminho se basa en un profundo sentimiento de solidaridad con los ni\u00f1os en riesgo.\" \/>\n<meta name=\"robots\" content=\"noindex, follow, max-snippet:-1, max-image-preview:large, max-video-preview:-1\" \/>\n<meta property=\"og:locale\" content=\"es_ES\" \/>\n<meta property=\"og:type\" content=\"article\" \/>\n<meta property=\"og:title\" content=\"La Asociaci\u00f3n &quot;A Casa do Caminho\u201d | Medios | JTM Group\" \/>\n<meta property=\"og:description\" content=\"El origen de la Asociaci\u00f3n A Casa do Caminho se basa en un profundo sentimiento de solidaridad con los ni\u00f1os en riesgo.\" \/>\n<meta property=\"og:url\" content=\"https:\/\/jtm-group.zyrgon.dev\/media\/2018\/08\/a-associacao-a-casa-do-caminho\/\" \/>\n<meta property=\"og:site_name\" content=\"JTM Group\" \/>\n<meta property=\"article:published_time\" content=\"2018-08-14T14:03:32+00:00\" \/>\n<meta property=\"article:modified_time\" content=\"2022-10-17T14:44:12+00:00\" \/>\n<meta property=\"og:image\" content=\"https:\/\/jtm-group.zyrgon.dev\/wp-content\/uploads\/img-3289-800x600.jpg\" \/>\n\t<meta property=\"og:image:width\" content=\"800\" \/>\n\t<meta property=\"og:image:height\" content=\"600\" \/>\n\t<meta property=\"og:image:type\" content=\"image\/jpeg\" \/>\n<meta name=\"author\" content=\"SmartKISS\" \/>\n<meta name=\"twitter:card\" content=\"summary_large_image\" \/>\n<meta name=\"twitter:label1\" content=\"Escrito por\" \/>\n\t<meta name=\"twitter:data1\" content=\"SmartKISS\" \/>\n\t<meta name=\"twitter:label2\" content=\"Tiempo de lectura\" \/>\n\t<meta name=\"twitter:data2\" content=\"2 minutos\" \/>\n<script type=\"application\/ld+json\" class=\"yoast-schema-graph\">{\"@context\":\"https:\/\/schema.org\",\"@graph\":[{\"@type\":\"Article\",\"@id\":\"https:\/\/jtm-group.zyrgon.dev\/media\/2018\/08\/a-associacao-a-casa-do-caminho\/#article\",\"isPartOf\":{\"@id\":\"https:\/\/jtm-group.zyrgon.dev\/media\/2018\/08\/a-associacao-a-casa-do-caminho\/\"},\"author\":{\"name\":\"SmartKISS\",\"@id\":\"https:\/\/jtm-group.zyrgon.dev\/#\/schema\/person\/da530834177f5fca78f0080fefeb797a\"},\"headline\":\"La Asociaci\u00f3n \u00abA Casa do Caminho\u201d\",\"datePublished\":\"2018-08-14T14:03:32+00:00\",\"dateModified\":\"2022-10-17T14:44:12+00:00\",\"mainEntityOfPage\":{\"@id\":\"https:\/\/jtm-group.zyrgon.dev\/media\/2018\/08\/a-associacao-a-casa-do-caminho\/\"},\"wordCount\":304,\"commentCount\":0,\"publisher\":{\"@id\":\"https:\/\/jtm-group.zyrgon.dev\/#organization\"},\"image\":{\"@id\":\"https:\/\/jtm-group.zyrgon.dev\/media\/2018\/08\/a-associacao-a-casa-do-caminho\/#primaryimage\"},\"thumbnailUrl\":\"https:\/\/jtm-group.zyrgon.dev\/wp-content\/uploads\/img-3289.jpg\",\"articleSection\":[\"Galer\u00edas de Fotos\",\"Responsabilidad Social\"],\"inLanguage\":\"es\",\"potentialAction\":[{\"@type\":\"CommentAction\",\"name\":\"Comment\",\"target\":[\"https:\/\/jtm-group.zyrgon.dev\/media\/2018\/08\/a-associacao-a-casa-do-caminho\/#respond\"]}]},{\"@type\":\"WebPage\",\"@id\":\"https:\/\/jtm-group.zyrgon.dev\/media\/2018\/08\/a-associacao-a-casa-do-caminho\/\",\"url\":\"https:\/\/jtm-group.zyrgon.dev\/media\/2018\/08\/a-associacao-a-casa-do-caminho\/\",\"name\":\"La Asociaci\u00f3n \\\"A Casa do Caminho\u201d | Medios | JTM Group\",\"isPartOf\":{\"@id\":\"https:\/\/jtm-group.zyrgon.dev\/#website\"},\"primaryImageOfPage\":{\"@id\":\"https:\/\/jtm-group.zyrgon.dev\/media\/2018\/08\/a-associacao-a-casa-do-caminho\/#primaryimage\"},\"image\":{\"@id\":\"https:\/\/jtm-group.zyrgon.dev\/media\/2018\/08\/a-associacao-a-casa-do-caminho\/#primaryimage\"},\"thumbnailUrl\":\"https:\/\/jtm-group.zyrgon.dev\/wp-content\/uploads\/img-3289.jpg\",\"datePublished\":\"2018-08-14T14:03:32+00:00\",\"dateModified\":\"2022-10-17T14:44:12+00:00\",\"description\":\"El origen de la Asociaci\u00f3n A Casa do Caminho se basa en un profundo sentimiento de solidaridad con los ni\u00f1os en riesgo.\",\"breadcrumb\":{\"@id\":\"https:\/\/jtm-group.zyrgon.dev\/media\/2018\/08\/a-associacao-a-casa-do-caminho\/#breadcrumb\"},\"inLanguage\":\"es\",\"potentialAction\":[{\"@type\":\"ReadAction\",\"target\":[\"https:\/\/jtm-group.zyrgon.dev\/media\/2018\/08\/a-associacao-a-casa-do-caminho\/\"]}]},{\"@type\":\"ImageObject\",\"inLanguage\":\"es\",\"@id\":\"https:\/\/jtm-group.zyrgon.dev\/media\/2018\/08\/a-associacao-a-casa-do-caminho\/#primaryimage\",\"url\":\"https:\/\/jtm-group.zyrgon.dev\/wp-content\/uploads\/img-3289.jpg\",\"contentUrl\":\"https:\/\/jtm-group.zyrgon.dev\/wp-content\/uploads\/img-3289.jpg\",\"width\":4032,\"height\":3024},{\"@type\":\"BreadcrumbList\",\"@id\":\"https:\/\/jtm-group.zyrgon.dev\/media\/2018\/08\/a-associacao-a-casa-do-caminho\/#breadcrumb\",\"itemListElement\":[{\"@type\":\"ListItem\",\"position\":1,\"name\":\"In\u00edcio\",\"item\":\"https:\/\/jtm-group.zyrgon.dev\/\"},{\"@type\":\"ListItem\",\"position\":2,\"name\":\"La Asociaci\u00f3n &#8220;A Casa do Caminho\u201d\"}]},{\"@type\":\"WebSite\",\"@id\":\"https:\/\/jtm-group.zyrgon.dev\/#website\",\"url\":\"https:\/\/jtm-group.zyrgon.dev\/\",\"name\":\"JTM Group\",\"description\":\"When there is a will, there is a way...\",\"publisher\":{\"@id\":\"https:\/\/jtm-group.zyrgon.dev\/#organization\"},\"potentialAction\":[{\"@type\":\"SearchAction\",\"target\":{\"@type\":\"EntryPoint\",\"urlTemplate\":\"https:\/\/jtm-group.zyrgon.dev\/?s={search_term_string}\"},\"query-input\":\"required name=search_term_string\"}],\"inLanguage\":\"es\"},{\"@type\":\"Organization\",\"@id\":\"https:\/\/jtm-group.zyrgon.dev\/#organization\",\"name\":\"JTM Group\",\"url\":\"https:\/\/jtm-group.zyrgon.dev\/\",\"logo\":{\"@type\":\"ImageObject\",\"inLanguage\":\"es\",\"@id\":\"https:\/\/jtm-group.zyrgon.dev\/#\/schema\/logo\/image\/\",\"url\":\"https:\/\/jtm-group.zyrgon.dev\/wp-content\/uploads\/logo_black.png\",\"contentUrl\":\"https:\/\/jtm-group.zyrgon.dev\/wp-content\/uploads\/logo_black.png\",\"width\":175,\"height\":78,\"caption\":\"JTM Group\"},\"image\":{\"@id\":\"https:\/\/jtm-group.zyrgon.dev\/#\/schema\/logo\/image\/\"}},{\"@type\":\"Person\",\"@id\":\"https:\/\/jtm-group.zyrgon.dev\/#\/schema\/person\/da530834177f5fca78f0080fefeb797a\",\"name\":\"SmartKISS\",\"image\":{\"@type\":\"ImageObject\",\"inLanguage\":\"es\",\"@id\":\"https:\/\/jtm-group.zyrgon.dev\/#\/schema\/person\/image\/\",\"url\":\"https:\/\/secure.gravatar.com\/avatar\/534387434b15161b33b0288a35900047?s=96&d=mm&r=g\",\"contentUrl\":\"https:\/\/secure.gravatar.com\/avatar\/534387434b15161b33b0288a35900047?s=96&d=mm&r=g\",\"caption\":\"SmartKISS\"}}]}<\/script>\n<!-- \/ Yoast SEO plugin. -->","yoast_head_json":{"title":"La Asociaci\u00f3n \"A Casa do Caminho\u201d | Medios | JTM Group","description":"El origen de la Asociaci\u00f3n A Casa do Caminho se basa en un profundo sentimiento de solidaridad con los ni\u00f1os en riesgo.","robots":{"index":"noindex","follow":"follow","max-snippet":"max-snippet:-1","max-image-preview":"max-image-preview:large","max-video-preview":"max-video-preview:-1"},"og_locale":"es_ES","og_type":"article","og_title":"La Asociaci\u00f3n \"A Casa do Caminho\u201d | Medios | JTM Group","og_description":"El origen de la Asociaci\u00f3n A Casa do Caminho se basa en un profundo sentimiento de solidaridad con los ni\u00f1os en riesgo.","og_url":"https:\/\/jtm-group.zyrgon.dev\/media\/2018\/08\/a-associacao-a-casa-do-caminho\/","og_site_name":"JTM Group","article_published_time":"2018-08-14T14:03:32+00:00","article_modified_time":"2022-10-17T14:44:12+00:00","og_image":[{"width":800,"height":600,"url":"https:\/\/jtm-group.zyrgon.dev\/wp-content\/uploads\/img-3289-800x600.jpg","type":"image\/jpeg"}],"author":"SmartKISS","twitter_card":"summary_large_image","twitter_misc":{"Escrito por":"SmartKISS","Tiempo de lectura":"2 minutos"},"schema":{"@context":"https:\/\/schema.org","@graph":[{"@type":"Article","@id":"https:\/\/jtm-group.zyrgon.dev\/media\/2018\/08\/a-associacao-a-casa-do-caminho\/#article","isPartOf":{"@id":"https:\/\/jtm-group.zyrgon.dev\/media\/2018\/08\/a-associacao-a-casa-do-caminho\/"},"author":{"name":"SmartKISS","@id":"https:\/\/jtm-group.zyrgon.dev\/#\/schema\/person\/da530834177f5fca78f0080fefeb797a"},"headline":"La Asociaci\u00f3n \u00abA Casa do Caminho\u201d","datePublished":"2018-08-14T14:03:32+00:00","dateModified":"2022-10-17T14:44:12+00:00","mainEntityOfPage":{"@id":"https:\/\/jtm-group.zyrgon.dev\/media\/2018\/08\/a-associacao-a-casa-do-caminho\/"},"wordCount":304,"commentCount":0,"publisher":{"@id":"https:\/\/jtm-group.zyrgon.dev\/#organization"},"image":{"@id":"https:\/\/jtm-group.zyrgon.dev\/media\/2018\/08\/a-associacao-a-casa-do-caminho\/#primaryimage"},"thumbnailUrl":"https:\/\/jtm-group.zyrgon.dev\/wp-content\/uploads\/img-3289.jpg","articleSection":["Galer\u00edas de Fotos","Responsabilidad Social"],"inLanguage":"es","potentialAction":[{"@type":"CommentAction","name":"Comment","target":["https:\/\/jtm-group.zyrgon.dev\/media\/2018\/08\/a-associacao-a-casa-do-caminho\/#respond"]}]},{"@type":"WebPage","@id":"https:\/\/jtm-group.zyrgon.dev\/media\/2018\/08\/a-associacao-a-casa-do-caminho\/","url":"https:\/\/jtm-group.zyrgon.dev\/media\/2018\/08\/a-associacao-a-casa-do-caminho\/","name":"La Asociaci\u00f3n \"A Casa do Caminho\u201d | Medios | JTM Group","isPartOf":{"@id":"https:\/\/jtm-group.zyrgon.dev\/#website"},"primaryImageOfPage":{"@id":"https:\/\/jtm-group.zyrgon.dev\/media\/2018\/08\/a-associacao-a-casa-do-caminho\/#primaryimage"},"image":{"@id":"https:\/\/jtm-group.zyrgon.dev\/media\/2018\/08\/a-associacao-a-casa-do-caminho\/#primaryimage"},"thumbnailUrl":"https:\/\/jtm-group.zyrgon.dev\/wp-content\/uploads\/img-3289.jpg","datePublished":"2018-08-14T14:03:32+00:00","dateModified":"2022-10-17T14:44:12+00:00","description":"El origen de la Asociaci\u00f3n A Casa do Caminho se basa en un profundo sentimiento de solidaridad con los ni\u00f1os en riesgo.","breadcrumb":{"@id":"https:\/\/jtm-group.zyrgon.dev\/media\/2018\/08\/a-associacao-a-casa-do-caminho\/#breadcrumb"},"inLanguage":"es","potentialAction":[{"@type":"ReadAction","target":["https:\/\/jtm-group.zyrgon.dev\/media\/2018\/08\/a-associacao-a-casa-do-caminho\/"]}]},{"@type":"ImageObject","inLanguage":"es","@id":"https:\/\/jtm-group.zyrgon.dev\/media\/2018\/08\/a-associacao-a-casa-do-caminho\/#primaryimage","url":"https:\/\/jtm-group.zyrgon.dev\/wp-content\/uploads\/img-3289.jpg","contentUrl":"https:\/\/jtm-group.zyrgon.dev\/wp-content\/uploads\/img-3289.jpg","width":4032,"height":3024},{"@type":"BreadcrumbList","@id":"https:\/\/jtm-group.zyrgon.dev\/media\/2018\/08\/a-associacao-a-casa-do-caminho\/#breadcrumb","itemListElement":[{"@type":"ListItem","position":1,"name":"In\u00edcio","item":"https:\/\/jtm-group.zyrgon.dev\/"},{"@type":"ListItem","position":2,"name":"La Asociaci\u00f3n &#8220;A Casa do Caminho\u201d"}]},{"@type":"WebSite","@id":"https:\/\/jtm-group.zyrgon.dev\/#website","url":"https:\/\/jtm-group.zyrgon.dev\/","name":"JTM Group","description":"When there is a will, there is a way...","publisher":{"@id":"https:\/\/jtm-group.zyrgon.dev\/#organization"},"potentialAction":[{"@type":"SearchAction","target":{"@type":"EntryPoint","urlTemplate":"https:\/\/jtm-group.zyrgon.dev\/?s={search_term_string}"},"query-input":"required name=search_term_string"}],"inLanguage":"es"},{"@type":"Organization","@id":"https:\/\/jtm-group.zyrgon.dev\/#organization","name":"JTM Group","url":"https:\/\/jtm-group.zyrgon.dev\/","logo":{"@type":"ImageObject","inLanguage":"es","@id":"https:\/\/jtm-group.zyrgon.dev\/#\/schema\/logo\/image\/","url":"https:\/\/jtm-group.zyrgon.dev\/wp-content\/uploads\/logo_black.png","contentUrl":"https:\/\/jtm-group.zyrgon.dev\/wp-content\/uploads\/logo_black.png","width":175,"height":78,"caption":"JTM Group"},"image":{"@id":"https:\/\/jtm-group.zyrgon.dev\/#\/schema\/logo\/image\/"}},{"@type":"Person","@id":"https:\/\/jtm-group.zyrgon.dev\/#\/schema\/person\/da530834177f5fca78f0080fefeb797a","name":"SmartKISS","image":{"@type":"ImageObject","inLanguage":"es","@id":"https:\/\/jtm-group.zyrgon.dev\/#\/schema\/person\/image\/","url":"https:\/\/secure.gravatar.com\/avatar\/534387434b15161b33b0288a35900047?s=96&d=mm&r=g","contentUrl":"https:\/\/secure.gravatar.com\/avatar\/534387434b15161b33b0288a35900047?s=96&d=mm&r=g","caption":"SmartKISS"}}]}},"_links":{"self":[{"href":"https:\/\/jtm-group.zyrgon.dev\/es\/wp-json\/wp\/v2\/posts\/2381"}],"collection":[{"href":"https:\/\/jtm-group.zyrgon.dev\/es\/wp-json\/wp\/v2\/posts"}],"about":[{"href":"https:\/\/jtm-group.zyrgon.dev\/es\/wp-json\/wp\/v2\/types\/post"}],"author":[{"embeddable":true,"href":"https:\/\/jtm-group.zyrgon.dev\/es\/wp-json\/wp\/v2\/users\/2"}],"replies":[{"embeddable":true,"href":"https:\/\/jtm-group.zyrgon.dev\/es\/wp-json\/wp\/v2\/comments?post=2381"}],"version-history":[{"count":1,"href":"https:\/\/jtm-group.zyrgon.dev\/es\/wp-json\/wp\/v2\/posts\/2381\/revisions"}],"predecessor-version":[{"id":5535,"href":"https:\/\/jtm-group.zyrgon.dev\/es\/wp-json\/wp\/v2\/posts\/2381\/revisions\/5535"}],"wp:featuredmedia":[{"embeddable":true,"href":"https:\/\/jtm-group.zyrgon.dev\/es\/wp-json\/wp\/v2\/media\/1907"}],"wp:attachment":[{"href":"https:\/\/jtm-group.zyrgon.dev\/es\/wp-json\/wp\/v2\/media?parent=2381"}],"wp:term":[{"taxonomy":"category","embeddable":true,"href":"https:\/\/jtm-group.zyrgon.dev\/es\/wp-json\/wp\/v2\/categories?post=2381"},{"taxonomy":"post_tag","embeddable":true,"href":"https:\/\/jtm-group.zyrgon.dev\/es\/wp-json\/wp\/v2\/tags?post=2381"}],"curies":[{"name":"wp","href":"https:\/\/api.w.org\/{rel}","templated":true}]}}