{"id":2316,"date":"2018-08-15T16:18:43","date_gmt":"2018-08-15T16:18:43","guid":{"rendered":"http:\/\/localhost\/jtmgroup\/media\/2018\/08\/escola-futsal-os-afonsinhos\/"},"modified":"2022-10-17T14:55:50","modified_gmt":"2022-10-17T13:55:50","slug":"escola-futsal-os-afonsinhos","status":"publish","type":"post","link":"https:\/\/jtm-group.zyrgon.dev\/es\/media\/2018\/08\/escola-futsal-os-afonsinhos\/","title":{"rendered":"La Escuela Futsal \u00abOs Afonsinhos\u00bb"},"content":{"rendered":"<p>\u00abDentro de los Campos somos todos iguales\u00bb, siete a\u00f1os despu\u00e9s de la creaci\u00f3n del Club Actitude Traquinas os Afonsinhos&#8230;<\/p>\n<p>El Club de actitudes Traquinas Os Afonsinhos en conjunto con el Centro de Educaci\u00f3n de S. Martinho de Mouros fue distinguido por la Federaci\u00f3n Portuguesa de F\u00fatbol con el premio &#8216;Quinas Oro 2018&#8217;.<\/p>\n<p>La idea relacionada al futsal, excelencia escolar e inclusi\u00f3n social fue premiada en la categor\u00eda &#8216;Premio Escolar&#8217;, confirmando las bases sostenidas de este proyecto que se cre\u00f3 en 2011 y que actualmente tiene cerca de 100 j\u00f3venes y que recaeteamente apost\u00f3 en una Academia.<\/p>\n<p>Marcos Antunes, coordinador t\u00e9cnico y uno de los fundadores de la escuela, no cab\u00eda en s\u00ed de alegr\u00eda con este galard\u00f3n. \u00abTodav\u00eda no he ca\u00eddo en la realidad\u00bb No puedo decir que es el m\u00e1ximo porque nunca vamos a estar acomodados a nada, pero es un reconocimiento muy grande y que debe prestigiar, principalmente nuestro distrito\u00bb, afirm\u00f3 al diario del Centro.<\/p>\n<p>El proyecto, apoyado igualmente por el Ayuntamiento de Resende, Garcez Trindade, alcalde local, no ocult\u00f3 la satisfacci\u00f3n con la entrega de los Quinas de Oro al municipio. \u00abEs el reconocimiento por el trabajo de la Federaci\u00f3n Portuguesa de F\u00fatbol que se ha desarrollado para que los Afonsinhos pudieran funcionar como un piloto. Fue una apuesta que sigue siendo sostenida y que ahora ha visto reforzado su papel con este galard\u00f3n \u00ab.<\/p>\n","protected":false},"excerpt":{"rendered":"<p class=\"post-excerpt\">\u00abDentro de los Campos somos todos iguales\u00bb, siete a\u00f1os despu\u00e9s de la creaci\u00f3n del Club Actitude Traquinas os Afonsinhos&#8230;<\/p>\n","protected":false},"author":2,"featured_media":1888,"comment_status":"open","ping_status":"open","sticky":false,"template":"","format":"standard","meta":{"_acf_changed":false,"footnotes":""},"categories":[4,38],"tags":[],"acf":[],"yoast_head":"<!-- This site is optimized with the Yoast SEO plugin v23.0 - https:\/\/yoast.com\/wordpress\/plugins\/seo\/ -->\n<title>La Escuela Futsal &quot;Os Afonsinhos&quot; | Medios | JTM Group<\/title>\n<meta name=\"description\" content=\"&quot;Dentro de los Campos somos todos iguales&quot;, siete a\u00f1os despu\u00e9s de la creaci\u00f3n del Club Actitude Traquinas os Afonsinhos...\" \/>\n<meta name=\"robots\" content=\"noindex, follow, max-snippet:-1, max-image-preview:large, max-video-preview:-1\" \/>\n<meta property=\"og:locale\" content=\"es_ES\" \/>\n<meta property=\"og:type\" content=\"article\" \/>\n<meta property=\"og:title\" content=\"La Escuela Futsal &quot;Os Afonsinhos&quot; | Medios | JTM Group\" \/>\n<meta property=\"og:description\" content=\"&quot;Dentro de los Campos somos todos iguales&quot;, siete a\u00f1os despu\u00e9s de la creaci\u00f3n del Club Actitude Traquinas os Afonsinhos...\" \/>\n<meta property=\"og:url\" content=\"https:\/\/jtm-group.zyrgon.dev\/media\/2018\/08\/escola-futsal-os-afonsinhos\/\" \/>\n<meta property=\"og:site_name\" content=\"JTM Group\" \/>\n<meta property=\"article:published_time\" content=\"2018-08-15T16:18:43+00:00\" \/>\n<meta property=\"article:modified_time\" content=\"2022-10-17T13:55:50+00:00\" \/>\n<meta property=\"og:image\" content=\"https:\/\/jtm-group.zyrgon.dev\/wp-content\/uploads\/afonsinhos-thumb-900x591.png\" \/>\n\t<meta property=\"og:image:width\" content=\"900\" \/>\n\t<meta property=\"og:image:height\" content=\"591\" \/>\n\t<meta property=\"og:image:type\" content=\"image\/png\" \/>\n<meta name=\"author\" content=\"SmartKISS\" \/>\n<meta name=\"twitter:card\" content=\"summary_large_image\" \/>\n<meta name=\"twitter:label1\" content=\"Escrito por\" \/>\n\t<meta name=\"twitter:data1\" content=\"SmartKISS\" \/>\n\t<meta name=\"twitter:label2\" content=\"Tiempo de lectura\" \/>\n\t<meta name=\"twitter:data2\" content=\"2 minutos\" \/>\n<script type=\"application\/ld+json\" class=\"yoast-schema-graph\">{\"@context\":\"https:\/\/schema.org\",\"@graph\":[{\"@type\":\"Article\",\"@id\":\"https:\/\/jtm-group.zyrgon.dev\/media\/2018\/08\/escola-futsal-os-afonsinhos\/#article\",\"isPartOf\":{\"@id\":\"https:\/\/jtm-group.zyrgon.dev\/media\/2018\/08\/escola-futsal-os-afonsinhos\/\"},\"author\":{\"name\":\"SmartKISS\",\"@id\":\"https:\/\/jtm-group.zyrgon.dev\/#\/schema\/person\/da530834177f5fca78f0080fefeb797a\"},\"headline\":\"La Escuela Futsal \u00abOs Afonsinhos\u00bb\",\"datePublished\":\"2018-08-15T16:18:43+00:00\",\"dateModified\":\"2022-10-17T13:55:50+00:00\",\"mainEntityOfPage\":{\"@id\":\"https:\/\/jtm-group.zyrgon.dev\/media\/2018\/08\/escola-futsal-os-afonsinhos\/\"},\"wordCount\":249,\"commentCount\":0,\"publisher\":{\"@id\":\"https:\/\/jtm-group.zyrgon.dev\/#organization\"},\"image\":{\"@id\":\"https:\/\/jtm-group.zyrgon.dev\/media\/2018\/08\/escola-futsal-os-afonsinhos\/#primaryimage\"},\"thumbnailUrl\":\"https:\/\/jtm-group.zyrgon.dev\/wp-content\/uploads\/afonsinhos-thumb.png\",\"articleSection\":[\"Noticias\",\"Responsabilidad Social\"],\"inLanguage\":\"es\",\"potentialAction\":[{\"@type\":\"CommentAction\",\"name\":\"Comment\",\"target\":[\"https:\/\/jtm-group.zyrgon.dev\/media\/2018\/08\/escola-futsal-os-afonsinhos\/#respond\"]}]},{\"@type\":\"WebPage\",\"@id\":\"https:\/\/jtm-group.zyrgon.dev\/media\/2018\/08\/escola-futsal-os-afonsinhos\/\",\"url\":\"https:\/\/jtm-group.zyrgon.dev\/media\/2018\/08\/escola-futsal-os-afonsinhos\/\",\"name\":\"La Escuela Futsal \\\"Os Afonsinhos\\\" | Medios | JTM Group\",\"isPartOf\":{\"@id\":\"https:\/\/jtm-group.zyrgon.dev\/#website\"},\"primaryImageOfPage\":{\"@id\":\"https:\/\/jtm-group.zyrgon.dev\/media\/2018\/08\/escola-futsal-os-afonsinhos\/#primaryimage\"},\"image\":{\"@id\":\"https:\/\/jtm-group.zyrgon.dev\/media\/2018\/08\/escola-futsal-os-afonsinhos\/#primaryimage\"},\"thumbnailUrl\":\"https:\/\/jtm-group.zyrgon.dev\/wp-content\/uploads\/afonsinhos-thumb.png\",\"datePublished\":\"2018-08-15T16:18:43+00:00\",\"dateModified\":\"2022-10-17T13:55:50+00:00\",\"description\":\"\\\"Dentro de los Campos somos todos iguales\\\", siete a\u00f1os despu\u00e9s de la creaci\u00f3n del Club Actitude Traquinas os Afonsinhos...\",\"breadcrumb\":{\"@id\":\"https:\/\/jtm-group.zyrgon.dev\/media\/2018\/08\/escola-futsal-os-afonsinhos\/#breadcrumb\"},\"inLanguage\":\"es\",\"potentialAction\":[{\"@type\":\"ReadAction\",\"target\":[\"https:\/\/jtm-group.zyrgon.dev\/media\/2018\/08\/escola-futsal-os-afonsinhos\/\"]}]},{\"@type\":\"ImageObject\",\"inLanguage\":\"es\",\"@id\":\"https:\/\/jtm-group.zyrgon.dev\/media\/2018\/08\/escola-futsal-os-afonsinhos\/#primaryimage\",\"url\":\"https:\/\/jtm-group.zyrgon.dev\/wp-content\/uploads\/afonsinhos-thumb.png\",\"contentUrl\":\"https:\/\/jtm-group.zyrgon.dev\/wp-content\/uploads\/afonsinhos-thumb.png\",\"width\":2174,\"height\":1428,\"caption\":\"Escola Futsal \\\"Os Afonsinhos\\\"\"},{\"@type\":\"BreadcrumbList\",\"@id\":\"https:\/\/jtm-group.zyrgon.dev\/media\/2018\/08\/escola-futsal-os-afonsinhos\/#breadcrumb\",\"itemListElement\":[{\"@type\":\"ListItem\",\"position\":1,\"name\":\"In\u00edcio\",\"item\":\"https:\/\/jtm-group.zyrgon.dev\/\"},{\"@type\":\"ListItem\",\"position\":2,\"name\":\"La Escuela Futsal &#8220;Os Afonsinhos&#8221;\"}]},{\"@type\":\"WebSite\",\"@id\":\"https:\/\/jtm-group.zyrgon.dev\/#website\",\"url\":\"https:\/\/jtm-group.zyrgon.dev\/\",\"name\":\"JTM Group\",\"description\":\"When there is a will, there is a way...\",\"publisher\":{\"@id\":\"https:\/\/jtm-group.zyrgon.dev\/#organization\"},\"potentialAction\":[{\"@type\":\"SearchAction\",\"target\":{\"@type\":\"EntryPoint\",\"urlTemplate\":\"https:\/\/jtm-group.zyrgon.dev\/?s={search_term_string}\"},\"query-input\":\"required name=search_term_string\"}],\"inLanguage\":\"es\"},{\"@type\":\"Organization\",\"@id\":\"https:\/\/jtm-group.zyrgon.dev\/#organization\",\"name\":\"JTM Group\",\"url\":\"https:\/\/jtm-group.zyrgon.dev\/\",\"logo\":{\"@type\":\"ImageObject\",\"inLanguage\":\"es\",\"@id\":\"https:\/\/jtm-group.zyrgon.dev\/#\/schema\/logo\/image\/\",\"url\":\"https:\/\/jtm-group.zyrgon.dev\/wp-content\/uploads\/logo_black.png\",\"contentUrl\":\"https:\/\/jtm-group.zyrgon.dev\/wp-content\/uploads\/logo_black.png\",\"width\":175,\"height\":78,\"caption\":\"JTM Group\"},\"image\":{\"@id\":\"https:\/\/jtm-group.zyrgon.dev\/#\/schema\/logo\/image\/\"}},{\"@type\":\"Person\",\"@id\":\"https:\/\/jtm-group.zyrgon.dev\/#\/schema\/person\/da530834177f5fca78f0080fefeb797a\",\"name\":\"SmartKISS\",\"image\":{\"@type\":\"ImageObject\",\"inLanguage\":\"es\",\"@id\":\"https:\/\/jtm-group.zyrgon.dev\/#\/schema\/person\/image\/\",\"url\":\"https:\/\/secure.gravatar.com\/avatar\/534387434b15161b33b0288a35900047?s=96&d=mm&r=g\",\"contentUrl\":\"https:\/\/secure.gravatar.com\/avatar\/534387434b15161b33b0288a35900047?s=96&d=mm&r=g\",\"caption\":\"SmartKISS\"}}]}<\/script>\n<!-- \/ Yoast SEO plugin. -->","yoast_head_json":{"title":"La Escuela Futsal \"Os Afonsinhos\" | Medios | JTM Group","description":"\"Dentro de los Campos somos todos iguales\", siete a\u00f1os despu\u00e9s de la creaci\u00f3n del Club Actitude Traquinas os Afonsinhos...","robots":{"index":"noindex","follow":"follow","max-snippet":"max-snippet:-1","max-image-preview":"max-image-preview:large","max-video-preview":"max-video-preview:-1"},"og_locale":"es_ES","og_type":"article","og_title":"La Escuela Futsal \"Os Afonsinhos\" | Medios | JTM Group","og_description":"\"Dentro de los Campos somos todos iguales\", siete a\u00f1os despu\u00e9s de la creaci\u00f3n del Club Actitude Traquinas os Afonsinhos...","og_url":"https:\/\/jtm-group.zyrgon.dev\/media\/2018\/08\/escola-futsal-os-afonsinhos\/","og_site_name":"JTM Group","article_published_time":"2018-08-15T16:18:43+00:00","article_modified_time":"2022-10-17T13:55:50+00:00","og_image":[{"width":900,"height":591,"url":"https:\/\/jtm-group.zyrgon.dev\/wp-content\/uploads\/afonsinhos-thumb-900x591.png","type":"image\/png"}],"author":"SmartKISS","twitter_card":"summary_large_image","twitter_misc":{"Escrito por":"SmartKISS","Tiempo de lectura":"2 minutos"},"schema":{"@context":"https:\/\/schema.org","@graph":[{"@type":"Article","@id":"https:\/\/jtm-group.zyrgon.dev\/media\/2018\/08\/escola-futsal-os-afonsinhos\/#article","isPartOf":{"@id":"https:\/\/jtm-group.zyrgon.dev\/media\/2018\/08\/escola-futsal-os-afonsinhos\/"},"author":{"name":"SmartKISS","@id":"https:\/\/jtm-group.zyrgon.dev\/#\/schema\/person\/da530834177f5fca78f0080fefeb797a"},"headline":"La Escuela Futsal \u00abOs Afonsinhos\u00bb","datePublished":"2018-08-15T16:18:43+00:00","dateModified":"2022-10-17T13:55:50+00:00","mainEntityOfPage":{"@id":"https:\/\/jtm-group.zyrgon.dev\/media\/2018\/08\/escola-futsal-os-afonsinhos\/"},"wordCount":249,"commentCount":0,"publisher":{"@id":"https:\/\/jtm-group.zyrgon.dev\/#organization"},"image":{"@id":"https:\/\/jtm-group.zyrgon.dev\/media\/2018\/08\/escola-futsal-os-afonsinhos\/#primaryimage"},"thumbnailUrl":"https:\/\/jtm-group.zyrgon.dev\/wp-content\/uploads\/afonsinhos-thumb.png","articleSection":["Noticias","Responsabilidad Social"],"inLanguage":"es","potentialAction":[{"@type":"CommentAction","name":"Comment","target":["https:\/\/jtm-group.zyrgon.dev\/media\/2018\/08\/escola-futsal-os-afonsinhos\/#respond"]}]},{"@type":"WebPage","@id":"https:\/\/jtm-group.zyrgon.dev\/media\/2018\/08\/escola-futsal-os-afonsinhos\/","url":"https:\/\/jtm-group.zyrgon.dev\/media\/2018\/08\/escola-futsal-os-afonsinhos\/","name":"La Escuela Futsal \"Os Afonsinhos\" | Medios | JTM Group","isPartOf":{"@id":"https:\/\/jtm-group.zyrgon.dev\/#website"},"primaryImageOfPage":{"@id":"https:\/\/jtm-group.zyrgon.dev\/media\/2018\/08\/escola-futsal-os-afonsinhos\/#primaryimage"},"image":{"@id":"https:\/\/jtm-group.zyrgon.dev\/media\/2018\/08\/escola-futsal-os-afonsinhos\/#primaryimage"},"thumbnailUrl":"https:\/\/jtm-group.zyrgon.dev\/wp-content\/uploads\/afonsinhos-thumb.png","datePublished":"2018-08-15T16:18:43+00:00","dateModified":"2022-10-17T13:55:50+00:00","description":"\"Dentro de los Campos somos todos iguales\", siete a\u00f1os despu\u00e9s de la creaci\u00f3n del Club Actitude Traquinas os Afonsinhos...","breadcrumb":{"@id":"https:\/\/jtm-group.zyrgon.dev\/media\/2018\/08\/escola-futsal-os-afonsinhos\/#breadcrumb"},"inLanguage":"es","potentialAction":[{"@type":"ReadAction","target":["https:\/\/jtm-group.zyrgon.dev\/media\/2018\/08\/escola-futsal-os-afonsinhos\/"]}]},{"@type":"ImageObject","inLanguage":"es","@id":"https:\/\/jtm-group.zyrgon.dev\/media\/2018\/08\/escola-futsal-os-afonsinhos\/#primaryimage","url":"https:\/\/jtm-group.zyrgon.dev\/wp-content\/uploads\/afonsinhos-thumb.png","contentUrl":"https:\/\/jtm-group.zyrgon.dev\/wp-content\/uploads\/afonsinhos-thumb.png","width":2174,"height":1428,"caption":"Escola Futsal \"Os Afonsinhos\""},{"@type":"BreadcrumbList","@id":"https:\/\/jtm-group.zyrgon.dev\/media\/2018\/08\/escola-futsal-os-afonsinhos\/#breadcrumb","itemListElement":[{"@type":"ListItem","position":1,"name":"In\u00edcio","item":"https:\/\/jtm-group.zyrgon.dev\/"},{"@type":"ListItem","position":2,"name":"La Escuela Futsal &#8220;Os Afonsinhos&#8221;"}]},{"@type":"WebSite","@id":"https:\/\/jtm-group.zyrgon.dev\/#website","url":"https:\/\/jtm-group.zyrgon.dev\/","name":"JTM Group","description":"When there is a will, there is a way...","publisher":{"@id":"https:\/\/jtm-group.zyrgon.dev\/#organization"},"potentialAction":[{"@type":"SearchAction","target":{"@type":"EntryPoint","urlTemplate":"https:\/\/jtm-group.zyrgon.dev\/?s={search_term_string}"},"query-input":"required name=search_term_string"}],"inLanguage":"es"},{"@type":"Organization","@id":"https:\/\/jtm-group.zyrgon.dev\/#organization","name":"JTM Group","url":"https:\/\/jtm-group.zyrgon.dev\/","logo":{"@type":"ImageObject","inLanguage":"es","@id":"https:\/\/jtm-group.zyrgon.dev\/#\/schema\/logo\/image\/","url":"https:\/\/jtm-group.zyrgon.dev\/wp-content\/uploads\/logo_black.png","contentUrl":"https:\/\/jtm-group.zyrgon.dev\/wp-content\/uploads\/logo_black.png","width":175,"height":78,"caption":"JTM Group"},"image":{"@id":"https:\/\/jtm-group.zyrgon.dev\/#\/schema\/logo\/image\/"}},{"@type":"Person","@id":"https:\/\/jtm-group.zyrgon.dev\/#\/schema\/person\/da530834177f5fca78f0080fefeb797a","name":"SmartKISS","image":{"@type":"ImageObject","inLanguage":"es","@id":"https:\/\/jtm-group.zyrgon.dev\/#\/schema\/person\/image\/","url":"https:\/\/secure.gravatar.com\/avatar\/534387434b15161b33b0288a35900047?s=96&d=mm&r=g","contentUrl":"https:\/\/secure.gravatar.com\/avatar\/534387434b15161b33b0288a35900047?s=96&d=mm&r=g","caption":"SmartKISS"}}]}},"_links":{"self":[{"href":"https:\/\/jtm-group.zyrgon.dev\/es\/wp-json\/wp\/v2\/posts\/2316"}],"collection":[{"href":"https:\/\/jtm-group.zyrgon.dev\/es\/wp-json\/wp\/v2\/posts"}],"about":[{"href":"https:\/\/jtm-group.zyrgon.dev\/es\/wp-json\/wp\/v2\/types\/post"}],"author":[{"embeddable":true,"href":"https:\/\/jtm-group.zyrgon.dev\/es\/wp-json\/wp\/v2\/users\/2"}],"replies":[{"embeddable":true,"href":"https:\/\/jtm-group.zyrgon.dev\/es\/wp-json\/wp\/v2\/comments?post=2316"}],"version-history":[{"count":1,"href":"https:\/\/jtm-group.zyrgon.dev\/es\/wp-json\/wp\/v2\/posts\/2316\/revisions"}],"predecessor-version":[{"id":5514,"href":"https:\/\/jtm-group.zyrgon.dev\/es\/wp-json\/wp\/v2\/posts\/2316\/revisions\/5514"}],"wp:featuredmedia":[{"embeddable":true,"href":"https:\/\/jtm-group.zyrgon.dev\/es\/wp-json\/wp\/v2\/media\/1888"}],"wp:attachment":[{"href":"https:\/\/jtm-group.zyrgon.dev\/es\/wp-json\/wp\/v2\/media?parent=2316"}],"wp:term":[{"taxonomy":"category","embeddable":true,"href":"https:\/\/jtm-group.zyrgon.dev\/es\/wp-json\/wp\/v2\/categories?post=2316"},{"taxonomy":"post_tag","embeddable":true,"href":"https:\/\/jtm-group.zyrgon.dev\/es\/wp-json\/wp\/v2\/tags?post=2316"}],"curies":[{"name":"wp","href":"https:\/\/api.w.org\/{rel}","templated":true}]}}