{"id":2307,"date":"2019-01-11T12:48:25","date_gmt":"2019-01-11T12:48:25","guid":{"rendered":"http:\/\/localhost\/jtmgroup\/media\/2019\/01\/jtm-group-recebe-o-presidente-executivo-da-apat-exm-o-sr-antonio-nabo-martins\/"},"modified":"2022-10-17T15:53:52","modified_gmt":"2022-10-17T14:53:52","slug":"jtm-group-recibe-presidente-ejecutivo-de-la-apat","status":"publish","type":"post","link":"https:\/\/jtm-group.zyrgon.dev\/es\/media\/2019\/01\/jtm-group-recibe-presidente-ejecutivo-de-la-apat\/","title":{"rendered":"JTM Group recibe al Presidente Ejecutivo de la APAT, Sr. Ant\u00f3nio Nabo Martins"},"content":{"rendered":"<p>Fue con el honor que JTM Group recibi\u00f3 al Presidente Ejecutivo de APAT, Sr. Ant\u00f3nio Nabo Martins, en nuestras instalaciones en Oporto.<\/p>\n<p>Link:\u00a0<a class=\"\" href=\"https:\/\/issuu.com\/apat4\/docs\/fich_106667544638_apat114\">https:\/\/issuu.com\/apat4\/docs\/fich_106667544638_apat114<\/a><\/p>\n","protected":false},"excerpt":{"rendered":"<p class=\"post-excerpt\">Fue con el honor que JTM Group recibi\u00f3 al Presidente Ejecutivo de APAT, Sr. Ant\u00f3nio Nabo Martins, en nuestras instalaciones en Oporto.<\/p>\n","protected":false},"author":2,"featured_media":2216,"comment_status":"open","ping_status":"open","sticky":false,"template":"","format":"standard","meta":{"_acf_changed":false,"footnotes":""},"categories":[4],"tags":[],"acf":[],"yoast_head":"<!-- This site is optimized with the Yoast SEO plugin v23.0 - https:\/\/yoast.com\/wordpress\/plugins\/seo\/ -->\n<title>JTM Group recibe al Presidente Ejecutivo de la APAT | JTM Group<\/title>\n<meta name=\"description\" content=\"Fue con el honor que JTM Group recibi\u00f3 al Presidente Ejecutivo de APAT, Sr. Ant\u00f3nio Nabo Martins, en nuestras instalaciones en Oporto.\" \/>\n<meta name=\"robots\" content=\"noindex, follow, max-snippet:-1, max-image-preview:large, max-video-preview:-1\" \/>\n<meta property=\"og:locale\" content=\"es_ES\" \/>\n<meta property=\"og:type\" content=\"article\" \/>\n<meta property=\"og:title\" content=\"JTM Group recibe al Presidente Ejecutivo de la APAT | JTM Group\" \/>\n<meta property=\"og:description\" content=\"Fue con el honor que JTM Group recibi\u00f3 al Presidente Ejecutivo de APAT, Sr. Ant\u00f3nio Nabo Martins, en nuestras instalaciones en Oporto.\" \/>\n<meta property=\"og:url\" content=\"https:\/\/jtm-group.zyrgon.dev\/media\/2019\/01\/jtm-group-recebe-presidente-executivo-da-apat\/\" \/>\n<meta property=\"og:site_name\" content=\"JTM Group\" \/>\n<meta property=\"article:published_time\" content=\"2019-01-11T12:48:25+00:00\" \/>\n<meta property=\"article:modified_time\" content=\"2022-10-17T14:53:52+00:00\" \/>\n<meta property=\"og:image\" content=\"https:\/\/jtm-group.zyrgon.dev\/wp-content\/uploads\/apat-presidente.jpg\" \/>\n\t<meta property=\"og:image:width\" content=\"984\" \/>\n\t<meta property=\"og:image:height\" content=\"718\" \/>\n\t<meta property=\"og:image:type\" content=\"image\/jpeg\" \/>\n<meta name=\"author\" content=\"SmartKISS\" \/>\n<meta name=\"twitter:card\" content=\"summary_large_image\" \/>\n<meta name=\"twitter:label1\" content=\"Escrito por\" \/>\n\t<meta name=\"twitter:data1\" content=\"SmartKISS\" \/>\n\t<meta name=\"twitter:label2\" content=\"Tiempo de lectura\" \/>\n\t<meta name=\"twitter:data2\" content=\"1 minuto\" \/>\n<script type=\"application\/ld+json\" class=\"yoast-schema-graph\">{\"@context\":\"https:\/\/schema.org\",\"@graph\":[{\"@type\":\"Article\",\"@id\":\"https:\/\/jtm-group.zyrgon.dev\/media\/2019\/01\/jtm-group-recebe-presidente-executivo-da-apat\/#article\",\"isPartOf\":{\"@id\":\"https:\/\/jtm-group.zyrgon.dev\/media\/2019\/01\/jtm-group-recebe-presidente-executivo-da-apat\/\"},\"author\":{\"name\":\"SmartKISS\",\"@id\":\"https:\/\/jtm-group.zyrgon.dev\/#\/schema\/person\/da530834177f5fca78f0080fefeb797a\"},\"headline\":\"JTM Group recibe al Presidente Ejecutivo de la APAT, Sr. Ant\u00f3nio Nabo Martins\",\"datePublished\":\"2019-01-11T12:48:25+00:00\",\"dateModified\":\"2022-10-17T14:53:52+00:00\",\"mainEntityOfPage\":{\"@id\":\"https:\/\/jtm-group.zyrgon.dev\/media\/2019\/01\/jtm-group-recebe-presidente-executivo-da-apat\/\"},\"wordCount\":45,\"commentCount\":0,\"publisher\":{\"@id\":\"https:\/\/jtm-group.zyrgon.dev\/#organization\"},\"image\":{\"@id\":\"https:\/\/jtm-group.zyrgon.dev\/media\/2019\/01\/jtm-group-recebe-presidente-executivo-da-apat\/#primaryimage\"},\"thumbnailUrl\":\"https:\/\/jtm-group.zyrgon.dev\/wp-content\/uploads\/apat-presidente.jpg\",\"articleSection\":[\"Noticias\"],\"inLanguage\":\"es\",\"potentialAction\":[{\"@type\":\"CommentAction\",\"name\":\"Comment\",\"target\":[\"https:\/\/jtm-group.zyrgon.dev\/media\/2019\/01\/jtm-group-recebe-presidente-executivo-da-apat\/#respond\"]}]},{\"@type\":\"WebPage\",\"@id\":\"https:\/\/jtm-group.zyrgon.dev\/media\/2019\/01\/jtm-group-recebe-presidente-executivo-da-apat\/\",\"url\":\"https:\/\/jtm-group.zyrgon.dev\/media\/2019\/01\/jtm-group-recebe-presidente-executivo-da-apat\/\",\"name\":\"JTM Group recibe al Presidente Ejecutivo de la APAT | JTM Group\",\"isPartOf\":{\"@id\":\"https:\/\/jtm-group.zyrgon.dev\/#website\"},\"primaryImageOfPage\":{\"@id\":\"https:\/\/jtm-group.zyrgon.dev\/media\/2019\/01\/jtm-group-recebe-presidente-executivo-da-apat\/#primaryimage\"},\"image\":{\"@id\":\"https:\/\/jtm-group.zyrgon.dev\/media\/2019\/01\/jtm-group-recebe-presidente-executivo-da-apat\/#primaryimage\"},\"thumbnailUrl\":\"https:\/\/jtm-group.zyrgon.dev\/wp-content\/uploads\/apat-presidente.jpg\",\"datePublished\":\"2019-01-11T12:48:25+00:00\",\"dateModified\":\"2022-10-17T14:53:52+00:00\",\"description\":\"Fue con el honor que JTM Group recibi\u00f3 al Presidente Ejecutivo de APAT, Sr. Ant\u00f3nio Nabo Martins, en nuestras instalaciones en Oporto.\",\"breadcrumb\":{\"@id\":\"https:\/\/jtm-group.zyrgon.dev\/media\/2019\/01\/jtm-group-recebe-presidente-executivo-da-apat\/#breadcrumb\"},\"inLanguage\":\"es\",\"potentialAction\":[{\"@type\":\"ReadAction\",\"target\":[\"https:\/\/jtm-group.zyrgon.dev\/media\/2019\/01\/jtm-group-recebe-presidente-executivo-da-apat\/\"]}]},{\"@type\":\"ImageObject\",\"inLanguage\":\"es\",\"@id\":\"https:\/\/jtm-group.zyrgon.dev\/media\/2019\/01\/jtm-group-recebe-presidente-executivo-da-apat\/#primaryimage\",\"url\":\"https:\/\/jtm-group.zyrgon.dev\/wp-content\/uploads\/apat-presidente.jpg\",\"contentUrl\":\"https:\/\/jtm-group.zyrgon.dev\/wp-content\/uploads\/apat-presidente.jpg\",\"width\":984,\"height\":718},{\"@type\":\"BreadcrumbList\",\"@id\":\"https:\/\/jtm-group.zyrgon.dev\/media\/2019\/01\/jtm-group-recebe-presidente-executivo-da-apat\/#breadcrumb\",\"itemListElement\":[{\"@type\":\"ListItem\",\"position\":1,\"name\":\"In\u00edcio\",\"item\":\"https:\/\/jtm-group.zyrgon.dev\/\"},{\"@type\":\"ListItem\",\"position\":2,\"name\":\"JTM Group recibe al Presidente Ejecutivo de la APAT, Sr. Ant\u00f3nio Nabo Martins\"}]},{\"@type\":\"WebSite\",\"@id\":\"https:\/\/jtm-group.zyrgon.dev\/#website\",\"url\":\"https:\/\/jtm-group.zyrgon.dev\/\",\"name\":\"JTM Group\",\"description\":\"When there is a will, there is a way...\",\"publisher\":{\"@id\":\"https:\/\/jtm-group.zyrgon.dev\/#organization\"},\"potentialAction\":[{\"@type\":\"SearchAction\",\"target\":{\"@type\":\"EntryPoint\",\"urlTemplate\":\"https:\/\/jtm-group.zyrgon.dev\/?s={search_term_string}\"},\"query-input\":\"required name=search_term_string\"}],\"inLanguage\":\"es\"},{\"@type\":\"Organization\",\"@id\":\"https:\/\/jtm-group.zyrgon.dev\/#organization\",\"name\":\"JTM Group\",\"url\":\"https:\/\/jtm-group.zyrgon.dev\/\",\"logo\":{\"@type\":\"ImageObject\",\"inLanguage\":\"es\",\"@id\":\"https:\/\/jtm-group.zyrgon.dev\/#\/schema\/logo\/image\/\",\"url\":\"https:\/\/jtm-group.zyrgon.dev\/wp-content\/uploads\/logo_black.png\",\"contentUrl\":\"https:\/\/jtm-group.zyrgon.dev\/wp-content\/uploads\/logo_black.png\",\"width\":175,\"height\":78,\"caption\":\"JTM Group\"},\"image\":{\"@id\":\"https:\/\/jtm-group.zyrgon.dev\/#\/schema\/logo\/image\/\"}},{\"@type\":\"Person\",\"@id\":\"https:\/\/jtm-group.zyrgon.dev\/#\/schema\/person\/da530834177f5fca78f0080fefeb797a\",\"name\":\"SmartKISS\",\"image\":{\"@type\":\"ImageObject\",\"inLanguage\":\"es\",\"@id\":\"https:\/\/jtm-group.zyrgon.dev\/#\/schema\/person\/image\/\",\"url\":\"https:\/\/secure.gravatar.com\/avatar\/534387434b15161b33b0288a35900047?s=96&d=mm&r=g\",\"contentUrl\":\"https:\/\/secure.gravatar.com\/avatar\/534387434b15161b33b0288a35900047?s=96&d=mm&r=g\",\"caption\":\"SmartKISS\"}}]}<\/script>\n<!-- \/ Yoast SEO plugin. -->","yoast_head_json":{"title":"JTM Group recibe al Presidente Ejecutivo de la APAT | JTM Group","description":"Fue con el honor que JTM Group recibi\u00f3 al Presidente Ejecutivo de APAT, Sr. Ant\u00f3nio Nabo Martins, en nuestras instalaciones en Oporto.","robots":{"index":"noindex","follow":"follow","max-snippet":"max-snippet:-1","max-image-preview":"max-image-preview:large","max-video-preview":"max-video-preview:-1"},"og_locale":"es_ES","og_type":"article","og_title":"JTM Group recibe al Presidente Ejecutivo de la APAT | JTM Group","og_description":"Fue con el honor que JTM Group recibi\u00f3 al Presidente Ejecutivo de APAT, Sr. Ant\u00f3nio Nabo Martins, en nuestras instalaciones en Oporto.","og_url":"https:\/\/jtm-group.zyrgon.dev\/media\/2019\/01\/jtm-group-recebe-presidente-executivo-da-apat\/","og_site_name":"JTM Group","article_published_time":"2019-01-11T12:48:25+00:00","article_modified_time":"2022-10-17T14:53:52+00:00","og_image":[{"width":984,"height":718,"url":"https:\/\/jtm-group.zyrgon.dev\/wp-content\/uploads\/apat-presidente.jpg","type":"image\/jpeg"}],"author":"SmartKISS","twitter_card":"summary_large_image","twitter_misc":{"Escrito por":"SmartKISS","Tiempo de lectura":"1 minuto"},"schema":{"@context":"https:\/\/schema.org","@graph":[{"@type":"Article","@id":"https:\/\/jtm-group.zyrgon.dev\/media\/2019\/01\/jtm-group-recebe-presidente-executivo-da-apat\/#article","isPartOf":{"@id":"https:\/\/jtm-group.zyrgon.dev\/media\/2019\/01\/jtm-group-recebe-presidente-executivo-da-apat\/"},"author":{"name":"SmartKISS","@id":"https:\/\/jtm-group.zyrgon.dev\/#\/schema\/person\/da530834177f5fca78f0080fefeb797a"},"headline":"JTM Group recibe al Presidente Ejecutivo de la APAT, Sr. Ant\u00f3nio Nabo Martins","datePublished":"2019-01-11T12:48:25+00:00","dateModified":"2022-10-17T14:53:52+00:00","mainEntityOfPage":{"@id":"https:\/\/jtm-group.zyrgon.dev\/media\/2019\/01\/jtm-group-recebe-presidente-executivo-da-apat\/"},"wordCount":45,"commentCount":0,"publisher":{"@id":"https:\/\/jtm-group.zyrgon.dev\/#organization"},"image":{"@id":"https:\/\/jtm-group.zyrgon.dev\/media\/2019\/01\/jtm-group-recebe-presidente-executivo-da-apat\/#primaryimage"},"thumbnailUrl":"https:\/\/jtm-group.zyrgon.dev\/wp-content\/uploads\/apat-presidente.jpg","articleSection":["Noticias"],"inLanguage":"es","potentialAction":[{"@type":"CommentAction","name":"Comment","target":["https:\/\/jtm-group.zyrgon.dev\/media\/2019\/01\/jtm-group-recebe-presidente-executivo-da-apat\/#respond"]}]},{"@type":"WebPage","@id":"https:\/\/jtm-group.zyrgon.dev\/media\/2019\/01\/jtm-group-recebe-presidente-executivo-da-apat\/","url":"https:\/\/jtm-group.zyrgon.dev\/media\/2019\/01\/jtm-group-recebe-presidente-executivo-da-apat\/","name":"JTM Group recibe al Presidente Ejecutivo de la APAT | JTM Group","isPartOf":{"@id":"https:\/\/jtm-group.zyrgon.dev\/#website"},"primaryImageOfPage":{"@id":"https:\/\/jtm-group.zyrgon.dev\/media\/2019\/01\/jtm-group-recebe-presidente-executivo-da-apat\/#primaryimage"},"image":{"@id":"https:\/\/jtm-group.zyrgon.dev\/media\/2019\/01\/jtm-group-recebe-presidente-executivo-da-apat\/#primaryimage"},"thumbnailUrl":"https:\/\/jtm-group.zyrgon.dev\/wp-content\/uploads\/apat-presidente.jpg","datePublished":"2019-01-11T12:48:25+00:00","dateModified":"2022-10-17T14:53:52+00:00","description":"Fue con el honor que JTM Group recibi\u00f3 al Presidente Ejecutivo de APAT, Sr. Ant\u00f3nio Nabo Martins, en nuestras instalaciones en Oporto.","breadcrumb":{"@id":"https:\/\/jtm-group.zyrgon.dev\/media\/2019\/01\/jtm-group-recebe-presidente-executivo-da-apat\/#breadcrumb"},"inLanguage":"es","potentialAction":[{"@type":"ReadAction","target":["https:\/\/jtm-group.zyrgon.dev\/media\/2019\/01\/jtm-group-recebe-presidente-executivo-da-apat\/"]}]},{"@type":"ImageObject","inLanguage":"es","@id":"https:\/\/jtm-group.zyrgon.dev\/media\/2019\/01\/jtm-group-recebe-presidente-executivo-da-apat\/#primaryimage","url":"https:\/\/jtm-group.zyrgon.dev\/wp-content\/uploads\/apat-presidente.jpg","contentUrl":"https:\/\/jtm-group.zyrgon.dev\/wp-content\/uploads\/apat-presidente.jpg","width":984,"height":718},{"@type":"BreadcrumbList","@id":"https:\/\/jtm-group.zyrgon.dev\/media\/2019\/01\/jtm-group-recebe-presidente-executivo-da-apat\/#breadcrumb","itemListElement":[{"@type":"ListItem","position":1,"name":"In\u00edcio","item":"https:\/\/jtm-group.zyrgon.dev\/"},{"@type":"ListItem","position":2,"name":"JTM Group recibe al Presidente Ejecutivo de la APAT, Sr. Ant\u00f3nio Nabo Martins"}]},{"@type":"WebSite","@id":"https:\/\/jtm-group.zyrgon.dev\/#website","url":"https:\/\/jtm-group.zyrgon.dev\/","name":"JTM Group","description":"When there is a will, there is a way...","publisher":{"@id":"https:\/\/jtm-group.zyrgon.dev\/#organization"},"potentialAction":[{"@type":"SearchAction","target":{"@type":"EntryPoint","urlTemplate":"https:\/\/jtm-group.zyrgon.dev\/?s={search_term_string}"},"query-input":"required name=search_term_string"}],"inLanguage":"es"},{"@type":"Organization","@id":"https:\/\/jtm-group.zyrgon.dev\/#organization","name":"JTM Group","url":"https:\/\/jtm-group.zyrgon.dev\/","logo":{"@type":"ImageObject","inLanguage":"es","@id":"https:\/\/jtm-group.zyrgon.dev\/#\/schema\/logo\/image\/","url":"https:\/\/jtm-group.zyrgon.dev\/wp-content\/uploads\/logo_black.png","contentUrl":"https:\/\/jtm-group.zyrgon.dev\/wp-content\/uploads\/logo_black.png","width":175,"height":78,"caption":"JTM Group"},"image":{"@id":"https:\/\/jtm-group.zyrgon.dev\/#\/schema\/logo\/image\/"}},{"@type":"Person","@id":"https:\/\/jtm-group.zyrgon.dev\/#\/schema\/person\/da530834177f5fca78f0080fefeb797a","name":"SmartKISS","image":{"@type":"ImageObject","inLanguage":"es","@id":"https:\/\/jtm-group.zyrgon.dev\/#\/schema\/person\/image\/","url":"https:\/\/secure.gravatar.com\/avatar\/534387434b15161b33b0288a35900047?s=96&d=mm&r=g","contentUrl":"https:\/\/secure.gravatar.com\/avatar\/534387434b15161b33b0288a35900047?s=96&d=mm&r=g","caption":"SmartKISS"}}]}},"_links":{"self":[{"href":"https:\/\/jtm-group.zyrgon.dev\/es\/wp-json\/wp\/v2\/posts\/2307"}],"collection":[{"href":"https:\/\/jtm-group.zyrgon.dev\/es\/wp-json\/wp\/v2\/posts"}],"about":[{"href":"https:\/\/jtm-group.zyrgon.dev\/es\/wp-json\/wp\/v2\/types\/post"}],"author":[{"embeddable":true,"href":"https:\/\/jtm-group.zyrgon.dev\/es\/wp-json\/wp\/v2\/users\/2"}],"replies":[{"embeddable":true,"href":"https:\/\/jtm-group.zyrgon.dev\/es\/wp-json\/wp\/v2\/comments?post=2307"}],"version-history":[{"count":2,"href":"https:\/\/jtm-group.zyrgon.dev\/es\/wp-json\/wp\/v2\/posts\/2307\/revisions"}],"predecessor-version":[{"id":5505,"href":"https:\/\/jtm-group.zyrgon.dev\/es\/wp-json\/wp\/v2\/posts\/2307\/revisions\/5505"}],"wp:featuredmedia":[{"embeddable":true,"href":"https:\/\/jtm-group.zyrgon.dev\/es\/wp-json\/wp\/v2\/media\/2216"}],"wp:attachment":[{"href":"https:\/\/jtm-group.zyrgon.dev\/es\/wp-json\/wp\/v2\/media?parent=2307"}],"wp:term":[{"taxonomy":"category","embeddable":true,"href":"https:\/\/jtm-group.zyrgon.dev\/es\/wp-json\/wp\/v2\/categories?post=2307"},{"taxonomy":"post_tag","embeddable":true,"href":"https:\/\/jtm-group.zyrgon.dev\/es\/wp-json\/wp\/v2\/tags?post=2307"}],"curies":[{"name":"wp","href":"https:\/\/api.w.org\/{rel}","templated":true}]}}